{"id":4743,"date":"2024-06-26T14:05:04","date_gmt":"2024-06-26T12:05:04","guid":{"rendered":"https:\/\/caletasuitestenerife.com\/?p=4743"},"modified":"2026-01-09T10:06:05","modified_gmt":"2026-01-09T09:06:05","slug":"la-mejor-combinacion-coctel-y-atardecer-en-la-caleta","status":"publish","type":"post","link":"https:\/\/caletasuitestenerife.com\/es\/gastronomia\/la-mejor-combinacion-coctel-y-atardecer-en-la-caleta\/","title":{"rendered":"La mejor combinaci\u00f3n: c\u00f3ctel y atardecer en La Caleta"},"content":{"rendered":"\t\t<div data-elementor-type=\"wp-post\" data-elementor-id=\"4743\" class=\"elementor elementor-4743\" data-elementor-post-type=\"post\">\n\t\t\t\t<div class=\"elementor-element elementor-element-3e3590b7 e-flex e-con-boxed e-con e-parent\" data-id=\"3e3590b7\" data-element_type=\"container\" data-e-type=\"container\">\n\t\t\t\t\t<div class=\"e-con-inner\">\n\t\t\t\t<div class=\"elementor-element elementor-element-1e7c7b56 elementor-widget elementor-widget-text-editor\" data-id=\"1e7c7b56\" data-element_type=\"widget\" data-e-type=\"widget\" data-widget_type=\"text-editor.default\">\n\t\t\t\t<div class=\"elementor-widget-container\">\n\t\t\t\t\t\t\t\t\t<p>El atardecer, ese fen\u00f3meno cotidiano tan simple pero que tanto nos maravilla a todos. Esa mezcla de colores rojizos se traduce en un respiro despu\u00e9s del ajetreo del d\u00eda, un momento de calma y reflexi\u00f3n, una postal que disfrutar en compa\u00f1\u00eda de tu pareja o el marco perfecto para la imagen de un momento compartido con amigos. Y todos esos instantes saben mejor con algo para brindar.<\/p><p>La Caleta es el lugar id\u00f3neo para capturar los mejores atardeceres al tiempo que disfrutas de un buen c\u00f3ctel. Por eso, te descubrimos las cocteler\u00edas con las mejores vistas de este enclave costero, donde vista y gusto se deleitan por igual.<\/p><h4><a href=\"https:\/\/www.gastrocorales.com\/es-es\/bar-and-cocktails\/?utm_source=google&amp;utm_medium=organic&amp;utm_campaign=my_business&amp;utm_content=7334bMAB#maresia-atlantic-bar\"><strong>Mares\u00eda Atlantic Bar<\/strong><\/a><\/h4><p>En el Royal Hideaway Corales Beach se sit\u00faa Mares\u00eda, un rooftop bar que ofrece unas de las mejores vistas panor\u00e1micas del atardecer, adornado con La Gomera de fondo.\u00a0<\/p><p>El local adem\u00e1s cuenta con una carta de c\u00f3cteles propios donde el 100% de los ingredientes utilizados para su elaboraci\u00f3n son de origen canario, aprovechando al m\u00e1ximo la temporalidad y la frescura de sus productos locales.<\/p><p><img fetchpriority=\"high\" decoding=\"async\" class=\"aligncenter wp-image-4754 size-large\" src=\"https:\/\/caletasuitestenerife.com\/wp-content\/uploads\/2024\/06\/maresia2-1024x680.png\" alt=\"\" width=\"780\" height=\"518\" srcset=\"https:\/\/caletasuitestenerife.com\/wp-content\/uploads\/2024\/06\/maresia2-1024x680.png 1024w, https:\/\/caletasuitestenerife.com\/wp-content\/uploads\/2024\/06\/maresia2-300x199.png 300w, https:\/\/caletasuitestenerife.com\/wp-content\/uploads\/2024\/06\/maresia2.png 1965w\" sizes=\"(max-width: 780px) 100vw, 780px\" \/><\/p><p><img decoding=\"async\" class=\"aligncenter wp-image-4752 size-large\" src=\"https:\/\/caletasuitestenerife.com\/wp-content\/uploads\/2024\/06\/maresia1-1024x577.jpeg\" alt=\"\" width=\"780\" height=\"440\" srcset=\"https:\/\/caletasuitestenerife.com\/wp-content\/uploads\/2024\/06\/maresia1-1024x577.jpeg 1024w, https:\/\/caletasuitestenerife.com\/wp-content\/uploads\/2024\/06\/maresia1-300x169.jpeg 300w\" sizes=\"(max-width: 780px) 100vw, 780px\" \/><\/p><h4><a href=\"https:\/\/altamiratenerife.es\/\"><strong>Altamira Chillout &amp; Cocktail Bar<\/strong><\/a><\/h4><p>Arropado por los encantos de la playa de El Beril se encuentra Altamira, un lugar donde te espera una gran puesta de sol acompa\u00f1ada de un ambiente sofisticado y moderno.\u00a0<\/p><p>Este oasis de deleite cuenta con una carta de c\u00f3cteles que est\u00e1 en constante evoluci\u00f3n: desde los cl\u00e1sicos hasta creaciones exclusivas, cada bebida se elabora cuidadosamente con el objetivo de adaptarse hasta a los paladares m\u00e1s exigentes.<\/p><p><img decoding=\"async\" class=\"wp-image-4747 size-large aligncenter\" src=\"https:\/\/caletasuitestenerife.com\/wp-content\/uploads\/2024\/06\/altamira4-1024x683.jpeg\" alt=\"\" width=\"780\" height=\"520\" srcset=\"https:\/\/caletasuitestenerife.com\/wp-content\/uploads\/2024\/06\/altamira4-1024x683.jpeg 1024w, https:\/\/caletasuitestenerife.com\/wp-content\/uploads\/2024\/06\/altamira4-300x200.jpeg 300w, https:\/\/caletasuitestenerife.com\/wp-content\/uploads\/2024\/06\/altamira4.jpeg 1200w\" sizes=\"(max-width: 780px) 100vw, 780px\" \/><\/p><p><img loading=\"lazy\" decoding=\"async\" class=\"wp-image-4745 size-large aligncenter\" src=\"https:\/\/caletasuitestenerife.com\/wp-content\/uploads\/2024\/06\/altamira3-1024x683.jpeg\" alt=\"\" width=\"780\" height=\"520\" srcset=\"https:\/\/caletasuitestenerife.com\/wp-content\/uploads\/2024\/06\/altamira3-1024x683.jpeg 1024w, https:\/\/caletasuitestenerife.com\/wp-content\/uploads\/2024\/06\/altamira3-300x200.jpeg 300w, https:\/\/caletasuitestenerife.com\/wp-content\/uploads\/2024\/06\/altamira3.jpeg 1200w\" sizes=\"(max-width: 780px) 100vw, 780px\" \/><\/p><h4><a href=\"https:\/\/restaurant88tenerife.com\/es\/\"><strong>Restaurant 88<\/strong><\/a><\/h4><p>Si te gusta lo innovador, este es tu lugar. La mezcla de colores que conforma el Atl\u00e1ntico en su fusi\u00f3n con el sol del atardecer se refleja en los c\u00f3cteles de Restaurant 88, famosos por haber remasterizado las bebidas tradicionales.\u00a0<\/p><p>Un margarita con wasabi o una caipirinha con toques picantes son algunas de las opciones de su variada carta, en la que enlazan el producto local con toques de la cocina japonesa con un objetivo concreto: crear una experiencia gastron\u00f3mica totalmente novedosa.<\/p><p><img loading=\"lazy\" decoding=\"async\" class=\"aligncenter wp-image-4756 size-large\" src=\"https:\/\/caletasuitestenerife.com\/wp-content\/uploads\/2024\/06\/restaurante-88-2-1024x707.png\" alt=\"\" width=\"780\" height=\"539\" srcset=\"https:\/\/caletasuitestenerife.com\/wp-content\/uploads\/2024\/06\/restaurante-88-2-1024x707.png 1024w, https:\/\/caletasuitestenerife.com\/wp-content\/uploads\/2024\/06\/restaurante-88-2-300x207.png 300w, https:\/\/caletasuitestenerife.com\/wp-content\/uploads\/2024\/06\/restaurante-88-2.png 1507w\" sizes=\"(max-width: 780px) 100vw, 780px\" \/><\/p><p><img loading=\"lazy\" decoding=\"async\" class=\"aligncenter wp-image-4758 size-large\" src=\"https:\/\/caletasuitestenerife.com\/wp-content\/uploads\/2024\/06\/restaurante88-1-999x1024.png\" alt=\"\" width=\"780\" height=\"800\" srcset=\"https:\/\/caletasuitestenerife.com\/wp-content\/uploads\/2024\/06\/restaurante88-1-999x1024.png 999w, https:\/\/caletasuitestenerife.com\/wp-content\/uploads\/2024\/06\/restaurante88-1-293x300.png 293w, https:\/\/caletasuitestenerife.com\/wp-content\/uploads\/2024\/06\/restaurante88-1.png 1140w\" sizes=\"(max-width: 780px) 100vw, 780px\" \/><\/p>\t\t\t\t\t\t\t\t<\/div>\n\t\t\t\t<\/div>\n\t\t\t\t\t<\/div>\n\t\t\t\t<\/div>\n\t\t\t\t<\/div>\n\t\t","protected":false},"excerpt":{"rendered":"<p>El atardecer, ese fen\u00f3meno cotidiano tan simple pero que tanto nos maravilla a todos. Esa mezcla de colores rojizos se traduce en un respiro despu\u00e9s del ajetreo del d\u00eda, un momento de calma y reflexi\u00f3n, una postal que disfrutar en compa\u00f1\u00eda de tu pareja o el marco perfecto para la imagen de un momento compartido [&hellip;]<\/p>\n","protected":false},"author":4,"featured_media":4767,"comment_status":"open","ping_status":"open","sticky":false,"template":"","format":"standard","meta":{"footnotes":""},"categories":[19],"tags":[],"class_list":["post-4743","post","type-post","status-publish","format-standard","has-post-thumbnail","hentry","category-gastronomia"],"yoast_head":"<!-- This site is optimized with the Yoast SEO plugin v27.5 - https:\/\/yoast.com\/product\/yoast-seo-wordpress\/ -->\n<title>La mejor combinaci\u00f3n: c\u00f3ctel y atardecer en La Caleta - Caleta Suites<\/title>\n<meta name=\"robots\" content=\"index, follow, max-snippet:-1, max-image-preview:large, max-video-preview:-1\" \/>\n<link rel=\"canonical\" href=\"https:\/\/caletasuitestenerife.com\/es\/gastronomia\/la-mejor-combinacion-coctel-y-atardecer-en-la-caleta\/\" \/>\n<meta property=\"og:locale\" content=\"es_ES\" \/>\n<meta property=\"og:type\" content=\"article\" \/>\n<meta property=\"og:title\" content=\"La mejor combinaci\u00f3n: c\u00f3ctel y atardecer en La Caleta - Caleta Suites\" \/>\n<meta property=\"og:description\" content=\"El atardecer, ese fen\u00f3meno cotidiano tan simple pero que tanto nos maravilla a todos. Esa mezcla de colores rojizos se traduce en un respiro despu\u00e9s del ajetreo del d\u00eda, un momento de calma y reflexi\u00f3n, una postal que disfrutar en compa\u00f1\u00eda de tu pareja o el marco perfecto para la imagen de un momento compartido [&hellip;]\" \/>\n<meta property=\"og:url\" content=\"https:\/\/caletasuitestenerife.com\/es\/gastronomia\/la-mejor-combinacion-coctel-y-atardecer-en-la-caleta\/\" \/>\n<meta property=\"og:site_name\" content=\"Caleta Suites\" \/>\n<meta property=\"article:published_time\" content=\"2024-06-26T12:05:04+00:00\" \/>\n<meta property=\"article:modified_time\" content=\"2026-01-09T09:06:05+00:00\" \/>\n<meta property=\"og:image\" content=\"https:\/\/caletasuitestenerife.com\/wp-content\/uploads\/2024\/06\/coctel-playa-al-atardecer_800563-8642.jpg.webp\" \/>\n\t<meta property=\"og:image:width\" content=\"626\" \/>\n\t<meta property=\"og:image:height\" content=\"417\" \/>\n\t<meta property=\"og:image:type\" content=\"image\/webp\" \/>\n<meta name=\"author\" content=\"Gesti\u00f3n Caleta Suites\" \/>\n<meta name=\"twitter:card\" content=\"summary_large_image\" \/>\n<meta name=\"twitter:label1\" content=\"Escrito por\" \/>\n\t<meta name=\"twitter:data1\" content=\"Gesti\u00f3n Caleta Suites\" \/>\n\t<meta name=\"twitter:label2\" content=\"Tiempo de lectura\" \/>\n\t<meta name=\"twitter:data2\" content=\"2 minutos\" \/>\n<script type=\"application\/ld+json\" class=\"yoast-schema-graph\">{\"@context\":\"https:\\\/\\\/schema.org\",\"@graph\":[{\"@type\":\"Article\",\"@id\":\"https:\\\/\\\/caletasuitestenerife.com\\\/es\\\/gastronomia\\\/la-mejor-combinacion-coctel-y-atardecer-en-la-caleta\\\/#article\",\"isPartOf\":{\"@id\":\"https:\\\/\\\/caletasuitestenerife.com\\\/es\\\/gastronomia\\\/la-mejor-combinacion-coctel-y-atardecer-en-la-caleta\\\/\"},\"author\":{\"name\":\"Gesti\u00f3n Caleta Suites\",\"@id\":\"https:\\\/\\\/caletasuitestenerife.com\\\/#\\\/schema\\\/person\\\/ac195cdc338605f601e9f7e49d70b198\"},\"headline\":\"La mejor combinaci\u00f3n: c\u00f3ctel y atardecer en La Caleta\",\"datePublished\":\"2024-06-26T12:05:04+00:00\",\"dateModified\":\"2026-01-09T09:06:05+00:00\",\"mainEntityOfPage\":{\"@id\":\"https:\\\/\\\/caletasuitestenerife.com\\\/es\\\/gastronomia\\\/la-mejor-combinacion-coctel-y-atardecer-en-la-caleta\\\/\"},\"wordCount\":364,\"commentCount\":0,\"image\":{\"@id\":\"https:\\\/\\\/caletasuitestenerife.com\\\/es\\\/gastronomia\\\/la-mejor-combinacion-coctel-y-atardecer-en-la-caleta\\\/#primaryimage\"},\"thumbnailUrl\":\"https:\\\/\\\/caletasuitestenerife.com\\\/wp-content\\\/uploads\\\/2024\\\/06\\\/coctel-playa-al-atardecer_800563-8642.jpg.webp\",\"articleSection\":[\"Gastronom\u00eda\"],\"inLanguage\":\"es\",\"potentialAction\":[{\"@type\":\"CommentAction\",\"name\":\"Comment\",\"target\":[\"https:\\\/\\\/caletasuitestenerife.com\\\/es\\\/gastronomia\\\/la-mejor-combinacion-coctel-y-atardecer-en-la-caleta\\\/#respond\"]}]},{\"@type\":\"WebPage\",\"@id\":\"https:\\\/\\\/caletasuitestenerife.com\\\/es\\\/gastronomia\\\/la-mejor-combinacion-coctel-y-atardecer-en-la-caleta\\\/\",\"url\":\"https:\\\/\\\/caletasuitestenerife.com\\\/es\\\/gastronomia\\\/la-mejor-combinacion-coctel-y-atardecer-en-la-caleta\\\/\",\"name\":\"La mejor combinaci\u00f3n: c\u00f3ctel y atardecer en La Caleta - Caleta Suites\",\"isPartOf\":{\"@id\":\"https:\\\/\\\/caletasuitestenerife.com\\\/#website\"},\"primaryImageOfPage\":{\"@id\":\"https:\\\/\\\/caletasuitestenerife.com\\\/es\\\/gastronomia\\\/la-mejor-combinacion-coctel-y-atardecer-en-la-caleta\\\/#primaryimage\"},\"image\":{\"@id\":\"https:\\\/\\\/caletasuitestenerife.com\\\/es\\\/gastronomia\\\/la-mejor-combinacion-coctel-y-atardecer-en-la-caleta\\\/#primaryimage\"},\"thumbnailUrl\":\"https:\\\/\\\/caletasuitestenerife.com\\\/wp-content\\\/uploads\\\/2024\\\/06\\\/coctel-playa-al-atardecer_800563-8642.jpg.webp\",\"datePublished\":\"2024-06-26T12:05:04+00:00\",\"dateModified\":\"2026-01-09T09:06:05+00:00\",\"author\":{\"@id\":\"https:\\\/\\\/caletasuitestenerife.com\\\/#\\\/schema\\\/person\\\/ac195cdc338605f601e9f7e49d70b198\"},\"breadcrumb\":{\"@id\":\"https:\\\/\\\/caletasuitestenerife.com\\\/es\\\/gastronomia\\\/la-mejor-combinacion-coctel-y-atardecer-en-la-caleta\\\/#breadcrumb\"},\"inLanguage\":\"es\",\"potentialAction\":[{\"@type\":\"ReadAction\",\"target\":[\"https:\\\/\\\/caletasuitestenerife.com\\\/es\\\/gastronomia\\\/la-mejor-combinacion-coctel-y-atardecer-en-la-caleta\\\/\"]}]},{\"@type\":\"ImageObject\",\"inLanguage\":\"es\",\"@id\":\"https:\\\/\\\/caletasuitestenerife.com\\\/es\\\/gastronomia\\\/la-mejor-combinacion-coctel-y-atardecer-en-la-caleta\\\/#primaryimage\",\"url\":\"https:\\\/\\\/caletasuitestenerife.com\\\/wp-content\\\/uploads\\\/2024\\\/06\\\/coctel-playa-al-atardecer_800563-8642.jpg.webp\",\"contentUrl\":\"https:\\\/\\\/caletasuitestenerife.com\\\/wp-content\\\/uploads\\\/2024\\\/06\\\/coctel-playa-al-atardecer_800563-8642.jpg.webp\",\"width\":626,\"height\":417},{\"@type\":\"BreadcrumbList\",\"@id\":\"https:\\\/\\\/caletasuitestenerife.com\\\/es\\\/gastronomia\\\/la-mejor-combinacion-coctel-y-atardecer-en-la-caleta\\\/#breadcrumb\",\"itemListElement\":[{\"@type\":\"ListItem\",\"position\":1,\"name\":\"Portada\",\"item\":\"https:\\\/\\\/caletasuitestenerife.com\\\/es\\\/\"},{\"@type\":\"ListItem\",\"position\":2,\"name\":\"La mejor combinaci\u00f3n: c\u00f3ctel y atardecer en La Caleta\"}]},{\"@type\":\"WebSite\",\"@id\":\"https:\\\/\\\/caletasuitestenerife.com\\\/#website\",\"url\":\"https:\\\/\\\/caletasuitestenerife.com\\\/\",\"name\":\"Caleta Suites\",\"description\":\"Apartamentos de Lujo\",\"potentialAction\":[{\"@type\":\"SearchAction\",\"target\":{\"@type\":\"EntryPoint\",\"urlTemplate\":\"https:\\\/\\\/caletasuitestenerife.com\\\/?s={search_term_string}\"},\"query-input\":{\"@type\":\"PropertyValueSpecification\",\"valueRequired\":true,\"valueName\":\"search_term_string\"}}],\"inLanguage\":\"es\"},{\"@type\":\"Person\",\"@id\":\"https:\\\/\\\/caletasuitestenerife.com\\\/#\\\/schema\\\/person\\\/ac195cdc338605f601e9f7e49d70b198\",\"name\":\"Gesti\u00f3n Caleta Suites\",\"image\":{\"@type\":\"ImageObject\",\"inLanguage\":\"es\",\"@id\":\"https:\\\/\\\/secure.gravatar.com\\\/avatar\\\/2d166001cd059783261fe220073a8b706237b58b40f7b87d20fa3fd1e499a5df?s=96&d=mm&r=g\",\"url\":\"https:\\\/\\\/secure.gravatar.com\\\/avatar\\\/2d166001cd059783261fe220073a8b706237b58b40f7b87d20fa3fd1e499a5df?s=96&d=mm&r=g\",\"contentUrl\":\"https:\\\/\\\/secure.gravatar.com\\\/avatar\\\/2d166001cd059783261fe220073a8b706237b58b40f7b87d20fa3fd1e499a5df?s=96&d=mm&r=g\",\"caption\":\"Gesti\u00f3n Caleta Suites\"},\"url\":\"https:\\\/\\\/caletasuitestenerife.com\\\/es\\\/author\\\/amj3hnw2p\\\/\"}]}<\/script>\n<!-- \/ Yoast SEO plugin. -->","yoast_head_json":{"title":"La mejor combinaci\u00f3n: c\u00f3ctel y atardecer en La Caleta - Caleta Suites","robots":{"index":"index","follow":"follow","max-snippet":"max-snippet:-1","max-image-preview":"max-image-preview:large","max-video-preview":"max-video-preview:-1"},"canonical":"https:\/\/caletasuitestenerife.com\/es\/gastronomia\/la-mejor-combinacion-coctel-y-atardecer-en-la-caleta\/","og_locale":"es_ES","og_type":"article","og_title":"La mejor combinaci\u00f3n: c\u00f3ctel y atardecer en La Caleta - Caleta Suites","og_description":"El atardecer, ese fen\u00f3meno cotidiano tan simple pero que tanto nos maravilla a todos. Esa mezcla de colores rojizos se traduce en un respiro despu\u00e9s del ajetreo del d\u00eda, un momento de calma y reflexi\u00f3n, una postal que disfrutar en compa\u00f1\u00eda de tu pareja o el marco perfecto para la imagen de un momento compartido [&hellip;]","og_url":"https:\/\/caletasuitestenerife.com\/es\/gastronomia\/la-mejor-combinacion-coctel-y-atardecer-en-la-caleta\/","og_site_name":"Caleta Suites","article_published_time":"2024-06-26T12:05:04+00:00","article_modified_time":"2026-01-09T09:06:05+00:00","og_image":[{"width":626,"height":417,"url":"https:\/\/caletasuitestenerife.com\/wp-content\/uploads\/2024\/06\/coctel-playa-al-atardecer_800563-8642.jpg.webp","type":"image\/webp"}],"author":"Gesti\u00f3n Caleta Suites","twitter_card":"summary_large_image","twitter_misc":{"Escrito por":"Gesti\u00f3n Caleta Suites","Tiempo de lectura":"2 minutos"},"schema":{"@context":"https:\/\/schema.org","@graph":[{"@type":"Article","@id":"https:\/\/caletasuitestenerife.com\/es\/gastronomia\/la-mejor-combinacion-coctel-y-atardecer-en-la-caleta\/#article","isPartOf":{"@id":"https:\/\/caletasuitestenerife.com\/es\/gastronomia\/la-mejor-combinacion-coctel-y-atardecer-en-la-caleta\/"},"author":{"name":"Gesti\u00f3n Caleta Suites","@id":"https:\/\/caletasuitestenerife.com\/#\/schema\/person\/ac195cdc338605f601e9f7e49d70b198"},"headline":"La mejor combinaci\u00f3n: c\u00f3ctel y atardecer en La Caleta","datePublished":"2024-06-26T12:05:04+00:00","dateModified":"2026-01-09T09:06:05+00:00","mainEntityOfPage":{"@id":"https:\/\/caletasuitestenerife.com\/es\/gastronomia\/la-mejor-combinacion-coctel-y-atardecer-en-la-caleta\/"},"wordCount":364,"commentCount":0,"image":{"@id":"https:\/\/caletasuitestenerife.com\/es\/gastronomia\/la-mejor-combinacion-coctel-y-atardecer-en-la-caleta\/#primaryimage"},"thumbnailUrl":"https:\/\/caletasuitestenerife.com\/wp-content\/uploads\/2024\/06\/coctel-playa-al-atardecer_800563-8642.jpg.webp","articleSection":["Gastronom\u00eda"],"inLanguage":"es","potentialAction":[{"@type":"CommentAction","name":"Comment","target":["https:\/\/caletasuitestenerife.com\/es\/gastronomia\/la-mejor-combinacion-coctel-y-atardecer-en-la-caleta\/#respond"]}]},{"@type":"WebPage","@id":"https:\/\/caletasuitestenerife.com\/es\/gastronomia\/la-mejor-combinacion-coctel-y-atardecer-en-la-caleta\/","url":"https:\/\/caletasuitestenerife.com\/es\/gastronomia\/la-mejor-combinacion-coctel-y-atardecer-en-la-caleta\/","name":"La mejor combinaci\u00f3n: c\u00f3ctel y atardecer en La Caleta - Caleta Suites","isPartOf":{"@id":"https:\/\/caletasuitestenerife.com\/#website"},"primaryImageOfPage":{"@id":"https:\/\/caletasuitestenerife.com\/es\/gastronomia\/la-mejor-combinacion-coctel-y-atardecer-en-la-caleta\/#primaryimage"},"image":{"@id":"https:\/\/caletasuitestenerife.com\/es\/gastronomia\/la-mejor-combinacion-coctel-y-atardecer-en-la-caleta\/#primaryimage"},"thumbnailUrl":"https:\/\/caletasuitestenerife.com\/wp-content\/uploads\/2024\/06\/coctel-playa-al-atardecer_800563-8642.jpg.webp","datePublished":"2024-06-26T12:05:04+00:00","dateModified":"2026-01-09T09:06:05+00:00","author":{"@id":"https:\/\/caletasuitestenerife.com\/#\/schema\/person\/ac195cdc338605f601e9f7e49d70b198"},"breadcrumb":{"@id":"https:\/\/caletasuitestenerife.com\/es\/gastronomia\/la-mejor-combinacion-coctel-y-atardecer-en-la-caleta\/#breadcrumb"},"inLanguage":"es","potentialAction":[{"@type":"ReadAction","target":["https:\/\/caletasuitestenerife.com\/es\/gastronomia\/la-mejor-combinacion-coctel-y-atardecer-en-la-caleta\/"]}]},{"@type":"ImageObject","inLanguage":"es","@id":"https:\/\/caletasuitestenerife.com\/es\/gastronomia\/la-mejor-combinacion-coctel-y-atardecer-en-la-caleta\/#primaryimage","url":"https:\/\/caletasuitestenerife.com\/wp-content\/uploads\/2024\/06\/coctel-playa-al-atardecer_800563-8642.jpg.webp","contentUrl":"https:\/\/caletasuitestenerife.com\/wp-content\/uploads\/2024\/06\/coctel-playa-al-atardecer_800563-8642.jpg.webp","width":626,"height":417},{"@type":"BreadcrumbList","@id":"https:\/\/caletasuitestenerife.com\/es\/gastronomia\/la-mejor-combinacion-coctel-y-atardecer-en-la-caleta\/#breadcrumb","itemListElement":[{"@type":"ListItem","position":1,"name":"Portada","item":"https:\/\/caletasuitestenerife.com\/es\/"},{"@type":"ListItem","position":2,"name":"La mejor combinaci\u00f3n: c\u00f3ctel y atardecer en La Caleta"}]},{"@type":"WebSite","@id":"https:\/\/caletasuitestenerife.com\/#website","url":"https:\/\/caletasuitestenerife.com\/","name":"Caleta Suites","description":"Apartamentos de Lujo","potentialAction":[{"@type":"SearchAction","target":{"@type":"EntryPoint","urlTemplate":"https:\/\/caletasuitestenerife.com\/?s={search_term_string}"},"query-input":{"@type":"PropertyValueSpecification","valueRequired":true,"valueName":"search_term_string"}}],"inLanguage":"es"},{"@type":"Person","@id":"https:\/\/caletasuitestenerife.com\/#\/schema\/person\/ac195cdc338605f601e9f7e49d70b198","name":"Gesti\u00f3n Caleta Suites","image":{"@type":"ImageObject","inLanguage":"es","@id":"https:\/\/secure.gravatar.com\/avatar\/2d166001cd059783261fe220073a8b706237b58b40f7b87d20fa3fd1e499a5df?s=96&d=mm&r=g","url":"https:\/\/secure.gravatar.com\/avatar\/2d166001cd059783261fe220073a8b706237b58b40f7b87d20fa3fd1e499a5df?s=96&d=mm&r=g","contentUrl":"https:\/\/secure.gravatar.com\/avatar\/2d166001cd059783261fe220073a8b706237b58b40f7b87d20fa3fd1e499a5df?s=96&d=mm&r=g","caption":"Gesti\u00f3n Caleta Suites"},"url":"https:\/\/caletasuitestenerife.com\/es\/author\/amj3hnw2p\/"}]}},"_links":{"self":[{"href":"https:\/\/caletasuitestenerife.com\/es\/wp-json\/wp\/v2\/posts\/4743","targetHints":{"allow":["GET"]}}],"collection":[{"href":"https:\/\/caletasuitestenerife.com\/es\/wp-json\/wp\/v2\/posts"}],"about":[{"href":"https:\/\/caletasuitestenerife.com\/es\/wp-json\/wp\/v2\/types\/post"}],"author":[{"embeddable":true,"href":"https:\/\/caletasuitestenerife.com\/es\/wp-json\/wp\/v2\/users\/4"}],"replies":[{"embeddable":true,"href":"https:\/\/caletasuitestenerife.com\/es\/wp-json\/wp\/v2\/comments?post=4743"}],"version-history":[{"count":28,"href":"https:\/\/caletasuitestenerife.com\/es\/wp-json\/wp\/v2\/posts\/4743\/revisions"}],"predecessor-version":[{"id":6086,"href":"https:\/\/caletasuitestenerife.com\/es\/wp-json\/wp\/v2\/posts\/4743\/revisions\/6086"}],"wp:featuredmedia":[{"embeddable":true,"href":"https:\/\/caletasuitestenerife.com\/es\/wp-json\/wp\/v2\/media\/4767"}],"wp:attachment":[{"href":"https:\/\/caletasuitestenerife.com\/es\/wp-json\/wp\/v2\/media?parent=4743"}],"wp:term":[{"taxonomy":"category","embeddable":true,"href":"https:\/\/caletasuitestenerife.com\/es\/wp-json\/wp\/v2\/categories?post=4743"},{"taxonomy":"post_tag","embeddable":true,"href":"https:\/\/caletasuitestenerife.com\/es\/wp-json\/wp\/v2\/tags?post=4743"}],"curies":[{"name":"wp","href":"https:\/\/api.w.org\/{rel}","templated":true}]}}