{"id":4909,"date":"2024-06-27T14:17:03","date_gmt":"2024-06-27T12:17:03","guid":{"rendered":"https:\/\/caletasuitestenerife.com\/?p=4909"},"modified":"2024-07-03T19:24:31","modified_gmt":"2024-07-03T17:24:31","slug":"conoce-las-fiestas-tradicionales-de-la-caleta","status":"publish","type":"post","link":"https:\/\/caletasuitestenerife.com\/es\/que-hacer\/conoce-las-fiestas-tradicionales-de-la-caleta\/","title":{"rendered":"Conoce las fiestas tradicionales de La Caleta"},"content":{"rendered":"\t\t<div data-elementor-type=\"wp-post\" data-elementor-id=\"4909\" class=\"elementor elementor-4909\" data-elementor-post-type=\"post\">\n\t\t\t\t<div class=\"elementor-element elementor-element-2fcd9eef e-flex e-con-boxed e-con e-parent\" data-id=\"2fcd9eef\" data-element_type=\"container\" data-e-type=\"container\">\n\t\t\t\t\t<div class=\"e-con-inner\">\n\t\t\t\t<div class=\"elementor-element elementor-element-611dd1e2 elementor-widget elementor-widget-text-editor\" data-id=\"611dd1e2\" data-element_type=\"widget\" data-e-type=\"widget\" data-widget_type=\"text-editor.default\">\n\t\t\t\t<div class=\"elementor-widget-container\">\n\t\t\t\t\t\t\t\t\t\n<p>Cada a\u00f1o, La Caleta se convierte regresa a sus or\u00edgenes recuperando la tradici\u00f3n y folklore canario a trav\u00e9s de sus fiestas tradicionales. Dos momentos del a\u00f1o, <strong>enero y agosto<\/strong>, donde las danzas ancestrales que narran la historia del pueblo y las procesiones que honran a sus santos patronos, regresan para mostrar el esp\u00edritu y la identidad de este enclave costero.\u00a0<\/p>\n\n<p>En este art\u00edculo te invitamos a conocer las dos tradiciones m\u00e1s caracter\u00edsticas de La Caleta: la fiesta en honor a San Sebasti\u00e1n y a la Virgen del Carmen.\u00a0<\/p>\n\n<h4><strong>Fiestas en honor a San Sebasti\u00e1n<\/strong><\/h4>\n\n<p>San Sebasti\u00e1n, co-patrono del municipio de Adeje, celebra su fiesta el 20 de enero, uno de los d\u00edas que m\u00e1s gente congrega el pueblo de La Caleta.<\/p>\n\n<p>El d\u00eda grande de San Sebasti\u00e1n comienza a primera hora de la ma\u00f1ana con la santa misa, tras la cual la imagen parte desde la iglesia hacia el mar, precedida por una comitiva de jinetes. A lomos de sus caballos sorprenden a\u00f1o tras a\u00f1o a los curiosos congregados en la zona, con su habilidad a la hora de introducir a los animales en el mar.<\/p>\n<p><img fetchpriority=\"high\" decoding=\"async\" class=\"wp-image-4916 size-full aligncenter\" src=\"https:\/\/caletasuitestenerife.com\/wp-content\/uploads\/2024\/06\/san-sebastian2.jpeg\" alt=\"\" width=\"720\" height=\"480\" srcset=\"https:\/\/caletasuitestenerife.com\/wp-content\/uploads\/2024\/06\/san-sebastian2.jpeg 720w, https:\/\/caletasuitestenerife.com\/wp-content\/uploads\/2024\/06\/san-sebastian2-300x200.jpeg 300w\" sizes=\"(max-width: 720px) 100vw, 720px\" \/><\/p>\n\n<p>Tras ello, se realiza un paseo romero acompa\u00f1ado de bueyes, vacas, cabras, ovejas, camellos y perros pastores. \u00c9ste concluye en la Plaza de San Sebasti\u00e1n, donde el p\u00e1rroco procede a la bendici\u00f3n de los animales.<\/p>\n\n<p>En esta festividad no fallan la m\u00fasica y bailes de la regi\u00f3n, los ventorrillos y parrandas, los productos artesanales canarios, la comida y los vinos de las islas, que abastecen a locales y visitantes que se animan a disfrutar de este ambiente.<\/p>\n<p><img decoding=\"async\" class=\"aligncenter wp-image-4918\" src=\"https:\/\/caletasuitestenerife.com\/wp-content\/uploads\/2024\/06\/san-sebastian.jpeg\" alt=\"\" width=\"750\" height=\"499\" srcset=\"https:\/\/caletasuitestenerife.com\/wp-content\/uploads\/2024\/06\/san-sebastian.jpeg 960w, https:\/\/caletasuitestenerife.com\/wp-content\/uploads\/2024\/06\/san-sebastian-300x200.jpeg 300w\" sizes=\"(max-width: 750px) 100vw, 750px\" \/><\/p>\n\n<p>\u00a0<\/p>\n<h4><strong>Fiestas en honor a la Virgen del Carmen<\/strong><\/h4>\n\n<p>A comienzos del mes de agosto, La Caleta acoge su festividad veraniega en honor a Nuestra Se\u00f1ora la Virgen del Carmen. Todo el n\u00facleo costero trabaja unida para dar lugar a la embarcaci\u00f3n mar\u00edtima de la imagen, tras haber hecho un recorrido por varias calles de la zona, frente a los ojos de locales y visitantes.<\/p>\n\n<p>Junto a ello tambi\u00e9n se realiza la tradicional Romer\u00eda Barquera, donde los marineros, ataviados con sus trajes t\u00edpicos, disfrutan de paella, comida canaria y bailes tradicionales.<\/p>\n<p><img decoding=\"async\" class=\"aligncenter wp-image-4920 size-full\" src=\"https:\/\/caletasuitestenerife.com\/wp-content\/uploads\/2024\/06\/virgen.jpeg\" alt=\"\" width=\"701\" height=\"394\" srcset=\"https:\/\/caletasuitestenerife.com\/wp-content\/uploads\/2024\/06\/virgen.jpeg 701w, https:\/\/caletasuitestenerife.com\/wp-content\/uploads\/2024\/06\/virgen-300x169.jpeg 300w\" sizes=\"(max-width: 701px) 100vw, 701px\" \/><\/p>\n\n<p><strong>Te recomendamos que revises tu agenda porque si tus vacaciones cuadran en estas fechas\u2026 \u00a1No puedes no acercarte a conocer de cerca estas tradiciones!<\/strong><\/p>\n\t\t\t\t\t\t\t\t<\/div>\n\t\t\t\t<\/div>\n\t\t\t\t\t<\/div>\n\t\t\t\t<\/div>\n\t\t\t\t<\/div>\n\t\t","protected":false},"excerpt":{"rendered":"<p>Cada a\u00f1o, La Caleta se convierte regresa a sus or\u00edgenes recuperando la tradici\u00f3n y folklore canario a trav\u00e9s de sus fiestas tradicionales. Dos momentos del a\u00f1o, enero y agosto, donde las danzas ancestrales que narran la historia del pueblo y las procesiones que honran a sus santos patronos, regresan para mostrar el esp\u00edritu y la [&hellip;]<\/p>\n","protected":false},"author":4,"featured_media":4911,"comment_status":"open","ping_status":"open","sticky":false,"template":"","format":"standard","meta":{"footnotes":""},"categories":[20],"tags":[],"class_list":["post-4909","post","type-post","status-publish","format-standard","has-post-thumbnail","hentry","category-que-hacer"],"yoast_head":"<!-- This site is optimized with the Yoast SEO plugin v27.5 - https:\/\/yoast.com\/product\/yoast-seo-wordpress\/ -->\n<title>Conoce las fiestas tradicionales de La Caleta - Caleta Suites<\/title>\n<meta name=\"robots\" content=\"index, follow, max-snippet:-1, max-image-preview:large, max-video-preview:-1\" \/>\n<link rel=\"canonical\" href=\"https:\/\/caletasuitestenerife.com\/es\/que-hacer\/conoce-las-fiestas-tradicionales-de-la-caleta\/\" \/>\n<meta property=\"og:locale\" content=\"es_ES\" \/>\n<meta property=\"og:type\" content=\"article\" \/>\n<meta property=\"og:title\" content=\"Conoce las fiestas tradicionales de La Caleta - Caleta Suites\" \/>\n<meta property=\"og:description\" content=\"Cada a\u00f1o, La Caleta se convierte regresa a sus or\u00edgenes recuperando la tradici\u00f3n y folklore canario a trav\u00e9s de sus fiestas tradicionales. Dos momentos del a\u00f1o, enero y agosto, donde las danzas ancestrales que narran la historia del pueblo y las procesiones que honran a sus santos patronos, regresan para mostrar el esp\u00edritu y la [&hellip;]\" \/>\n<meta property=\"og:url\" content=\"https:\/\/caletasuitestenerife.com\/es\/que-hacer\/conoce-las-fiestas-tradicionales-de-la-caleta\/\" \/>\n<meta property=\"og:site_name\" content=\"Caleta Suites\" \/>\n<meta property=\"article:published_time\" content=\"2024-06-27T12:17:03+00:00\" \/>\n<meta property=\"article:modified_time\" content=\"2024-07-03T17:24:31+00:00\" \/>\n<meta property=\"og:image\" content=\"https:\/\/caletasuitestenerife.com\/wp-content\/uploads\/2024\/06\/adeje-san-sebastian-2018-celebrations-01.jpeg\" \/>\n\t<meta property=\"og:image:width\" content=\"1280\" \/>\n\t<meta property=\"og:image:height\" content=\"853\" \/>\n\t<meta property=\"og:image:type\" content=\"image\/jpeg\" \/>\n<meta name=\"author\" content=\"Gesti\u00f3n Caleta Suites\" \/>\n<meta name=\"twitter:card\" content=\"summary_large_image\" \/>\n<meta name=\"twitter:label1\" content=\"Escrito por\" \/>\n\t<meta name=\"twitter:data1\" content=\"Gesti\u00f3n Caleta Suites\" \/>\n\t<meta name=\"twitter:label2\" content=\"Tiempo de lectura\" \/>\n\t<meta name=\"twitter:data2\" content=\"2 minutos\" \/>\n<script type=\"application\/ld+json\" class=\"yoast-schema-graph\">{\"@context\":\"https:\\\/\\\/schema.org\",\"@graph\":[{\"@type\":\"Article\",\"@id\":\"https:\\\/\\\/caletasuitestenerife.com\\\/es\\\/que-hacer\\\/conoce-las-fiestas-tradicionales-de-la-caleta\\\/#article\",\"isPartOf\":{\"@id\":\"https:\\\/\\\/caletasuitestenerife.com\\\/es\\\/que-hacer\\\/conoce-las-fiestas-tradicionales-de-la-caleta\\\/\"},\"author\":{\"name\":\"Gesti\u00f3n Caleta Suites\",\"@id\":\"https:\\\/\\\/caletasuitestenerife.com\\\/#\\\/schema\\\/person\\\/ac195cdc338605f601e9f7e49d70b198\"},\"headline\":\"Conoce las fiestas tradicionales de La Caleta\",\"datePublished\":\"2024-06-27T12:17:03+00:00\",\"dateModified\":\"2024-07-03T17:24:31+00:00\",\"mainEntityOfPage\":{\"@id\":\"https:\\\/\\\/caletasuitestenerife.com\\\/es\\\/que-hacer\\\/conoce-las-fiestas-tradicionales-de-la-caleta\\\/\"},\"wordCount\":415,\"commentCount\":0,\"image\":{\"@id\":\"https:\\\/\\\/caletasuitestenerife.com\\\/es\\\/que-hacer\\\/conoce-las-fiestas-tradicionales-de-la-caleta\\\/#primaryimage\"},\"thumbnailUrl\":\"https:\\\/\\\/caletasuitestenerife.com\\\/wp-content\\\/uploads\\\/2024\\\/06\\\/adeje-san-sebastian-2018-celebrations-01.jpeg\",\"articleSection\":[\"Qu\u00e9 hacer\"],\"inLanguage\":\"es\",\"potentialAction\":[{\"@type\":\"CommentAction\",\"name\":\"Comment\",\"target\":[\"https:\\\/\\\/caletasuitestenerife.com\\\/es\\\/que-hacer\\\/conoce-las-fiestas-tradicionales-de-la-caleta\\\/#respond\"]}]},{\"@type\":\"WebPage\",\"@id\":\"https:\\\/\\\/caletasuitestenerife.com\\\/es\\\/que-hacer\\\/conoce-las-fiestas-tradicionales-de-la-caleta\\\/\",\"url\":\"https:\\\/\\\/caletasuitestenerife.com\\\/es\\\/que-hacer\\\/conoce-las-fiestas-tradicionales-de-la-caleta\\\/\",\"name\":\"Conoce las fiestas tradicionales de La Caleta - Caleta Suites\",\"isPartOf\":{\"@id\":\"https:\\\/\\\/caletasuitestenerife.com\\\/#website\"},\"primaryImageOfPage\":{\"@id\":\"https:\\\/\\\/caletasuitestenerife.com\\\/es\\\/que-hacer\\\/conoce-las-fiestas-tradicionales-de-la-caleta\\\/#primaryimage\"},\"image\":{\"@id\":\"https:\\\/\\\/caletasuitestenerife.com\\\/es\\\/que-hacer\\\/conoce-las-fiestas-tradicionales-de-la-caleta\\\/#primaryimage\"},\"thumbnailUrl\":\"https:\\\/\\\/caletasuitestenerife.com\\\/wp-content\\\/uploads\\\/2024\\\/06\\\/adeje-san-sebastian-2018-celebrations-01.jpeg\",\"datePublished\":\"2024-06-27T12:17:03+00:00\",\"dateModified\":\"2024-07-03T17:24:31+00:00\",\"author\":{\"@id\":\"https:\\\/\\\/caletasuitestenerife.com\\\/#\\\/schema\\\/person\\\/ac195cdc338605f601e9f7e49d70b198\"},\"breadcrumb\":{\"@id\":\"https:\\\/\\\/caletasuitestenerife.com\\\/es\\\/que-hacer\\\/conoce-las-fiestas-tradicionales-de-la-caleta\\\/#breadcrumb\"},\"inLanguage\":\"es\",\"potentialAction\":[{\"@type\":\"ReadAction\",\"target\":[\"https:\\\/\\\/caletasuitestenerife.com\\\/es\\\/que-hacer\\\/conoce-las-fiestas-tradicionales-de-la-caleta\\\/\"]}]},{\"@type\":\"ImageObject\",\"inLanguage\":\"es\",\"@id\":\"https:\\\/\\\/caletasuitestenerife.com\\\/es\\\/que-hacer\\\/conoce-las-fiestas-tradicionales-de-la-caleta\\\/#primaryimage\",\"url\":\"https:\\\/\\\/caletasuitestenerife.com\\\/wp-content\\\/uploads\\\/2024\\\/06\\\/adeje-san-sebastian-2018-celebrations-01.jpeg\",\"contentUrl\":\"https:\\\/\\\/caletasuitestenerife.com\\\/wp-content\\\/uploads\\\/2024\\\/06\\\/adeje-san-sebastian-2018-celebrations-01.jpeg\",\"width\":1280,\"height\":853},{\"@type\":\"BreadcrumbList\",\"@id\":\"https:\\\/\\\/caletasuitestenerife.com\\\/es\\\/que-hacer\\\/conoce-las-fiestas-tradicionales-de-la-caleta\\\/#breadcrumb\",\"itemListElement\":[{\"@type\":\"ListItem\",\"position\":1,\"name\":\"Portada\",\"item\":\"https:\\\/\\\/caletasuitestenerife.com\\\/es\\\/\"},{\"@type\":\"ListItem\",\"position\":2,\"name\":\"Conoce las fiestas tradicionales de La Caleta\"}]},{\"@type\":\"WebSite\",\"@id\":\"https:\\\/\\\/caletasuitestenerife.com\\\/#website\",\"url\":\"https:\\\/\\\/caletasuitestenerife.com\\\/\",\"name\":\"Caleta Suites\",\"description\":\"Apartamentos de Lujo\",\"potentialAction\":[{\"@type\":\"SearchAction\",\"target\":{\"@type\":\"EntryPoint\",\"urlTemplate\":\"https:\\\/\\\/caletasuitestenerife.com\\\/?s={search_term_string}\"},\"query-input\":{\"@type\":\"PropertyValueSpecification\",\"valueRequired\":true,\"valueName\":\"search_term_string\"}}],\"inLanguage\":\"es\"},{\"@type\":\"Person\",\"@id\":\"https:\\\/\\\/caletasuitestenerife.com\\\/#\\\/schema\\\/person\\\/ac195cdc338605f601e9f7e49d70b198\",\"name\":\"Gesti\u00f3n Caleta Suites\",\"image\":{\"@type\":\"ImageObject\",\"inLanguage\":\"es\",\"@id\":\"https:\\\/\\\/secure.gravatar.com\\\/avatar\\\/2d166001cd059783261fe220073a8b706237b58b40f7b87d20fa3fd1e499a5df?s=96&d=mm&r=g\",\"url\":\"https:\\\/\\\/secure.gravatar.com\\\/avatar\\\/2d166001cd059783261fe220073a8b706237b58b40f7b87d20fa3fd1e499a5df?s=96&d=mm&r=g\",\"contentUrl\":\"https:\\\/\\\/secure.gravatar.com\\\/avatar\\\/2d166001cd059783261fe220073a8b706237b58b40f7b87d20fa3fd1e499a5df?s=96&d=mm&r=g\",\"caption\":\"Gesti\u00f3n Caleta Suites\"},\"url\":\"https:\\\/\\\/caletasuitestenerife.com\\\/es\\\/author\\\/amj3hnw2p\\\/\"}]}<\/script>\n<!-- \/ Yoast SEO plugin. -->","yoast_head_json":{"title":"Conoce las fiestas tradicionales de La Caleta - Caleta Suites","robots":{"index":"index","follow":"follow","max-snippet":"max-snippet:-1","max-image-preview":"max-image-preview:large","max-video-preview":"max-video-preview:-1"},"canonical":"https:\/\/caletasuitestenerife.com\/es\/que-hacer\/conoce-las-fiestas-tradicionales-de-la-caleta\/","og_locale":"es_ES","og_type":"article","og_title":"Conoce las fiestas tradicionales de La Caleta - Caleta Suites","og_description":"Cada a\u00f1o, La Caleta se convierte regresa a sus or\u00edgenes recuperando la tradici\u00f3n y folklore canario a trav\u00e9s de sus fiestas tradicionales. Dos momentos del a\u00f1o, enero y agosto, donde las danzas ancestrales que narran la historia del pueblo y las procesiones que honran a sus santos patronos, regresan para mostrar el esp\u00edritu y la [&hellip;]","og_url":"https:\/\/caletasuitestenerife.com\/es\/que-hacer\/conoce-las-fiestas-tradicionales-de-la-caleta\/","og_site_name":"Caleta Suites","article_published_time":"2024-06-27T12:17:03+00:00","article_modified_time":"2024-07-03T17:24:31+00:00","og_image":[{"width":1280,"height":853,"url":"https:\/\/caletasuitestenerife.com\/wp-content\/uploads\/2024\/06\/adeje-san-sebastian-2018-celebrations-01.jpeg","type":"image\/jpeg"}],"author":"Gesti\u00f3n Caleta Suites","twitter_card":"summary_large_image","twitter_misc":{"Escrito por":"Gesti\u00f3n Caleta Suites","Tiempo de lectura":"2 minutos"},"schema":{"@context":"https:\/\/schema.org","@graph":[{"@type":"Article","@id":"https:\/\/caletasuitestenerife.com\/es\/que-hacer\/conoce-las-fiestas-tradicionales-de-la-caleta\/#article","isPartOf":{"@id":"https:\/\/caletasuitestenerife.com\/es\/que-hacer\/conoce-las-fiestas-tradicionales-de-la-caleta\/"},"author":{"name":"Gesti\u00f3n Caleta Suites","@id":"https:\/\/caletasuitestenerife.com\/#\/schema\/person\/ac195cdc338605f601e9f7e49d70b198"},"headline":"Conoce las fiestas tradicionales de La Caleta","datePublished":"2024-06-27T12:17:03+00:00","dateModified":"2024-07-03T17:24:31+00:00","mainEntityOfPage":{"@id":"https:\/\/caletasuitestenerife.com\/es\/que-hacer\/conoce-las-fiestas-tradicionales-de-la-caleta\/"},"wordCount":415,"commentCount":0,"image":{"@id":"https:\/\/caletasuitestenerife.com\/es\/que-hacer\/conoce-las-fiestas-tradicionales-de-la-caleta\/#primaryimage"},"thumbnailUrl":"https:\/\/caletasuitestenerife.com\/wp-content\/uploads\/2024\/06\/adeje-san-sebastian-2018-celebrations-01.jpeg","articleSection":["Qu\u00e9 hacer"],"inLanguage":"es","potentialAction":[{"@type":"CommentAction","name":"Comment","target":["https:\/\/caletasuitestenerife.com\/es\/que-hacer\/conoce-las-fiestas-tradicionales-de-la-caleta\/#respond"]}]},{"@type":"WebPage","@id":"https:\/\/caletasuitestenerife.com\/es\/que-hacer\/conoce-las-fiestas-tradicionales-de-la-caleta\/","url":"https:\/\/caletasuitestenerife.com\/es\/que-hacer\/conoce-las-fiestas-tradicionales-de-la-caleta\/","name":"Conoce las fiestas tradicionales de La Caleta - Caleta Suites","isPartOf":{"@id":"https:\/\/caletasuitestenerife.com\/#website"},"primaryImageOfPage":{"@id":"https:\/\/caletasuitestenerife.com\/es\/que-hacer\/conoce-las-fiestas-tradicionales-de-la-caleta\/#primaryimage"},"image":{"@id":"https:\/\/caletasuitestenerife.com\/es\/que-hacer\/conoce-las-fiestas-tradicionales-de-la-caleta\/#primaryimage"},"thumbnailUrl":"https:\/\/caletasuitestenerife.com\/wp-content\/uploads\/2024\/06\/adeje-san-sebastian-2018-celebrations-01.jpeg","datePublished":"2024-06-27T12:17:03+00:00","dateModified":"2024-07-03T17:24:31+00:00","author":{"@id":"https:\/\/caletasuitestenerife.com\/#\/schema\/person\/ac195cdc338605f601e9f7e49d70b198"},"breadcrumb":{"@id":"https:\/\/caletasuitestenerife.com\/es\/que-hacer\/conoce-las-fiestas-tradicionales-de-la-caleta\/#breadcrumb"},"inLanguage":"es","potentialAction":[{"@type":"ReadAction","target":["https:\/\/caletasuitestenerife.com\/es\/que-hacer\/conoce-las-fiestas-tradicionales-de-la-caleta\/"]}]},{"@type":"ImageObject","inLanguage":"es","@id":"https:\/\/caletasuitestenerife.com\/es\/que-hacer\/conoce-las-fiestas-tradicionales-de-la-caleta\/#primaryimage","url":"https:\/\/caletasuitestenerife.com\/wp-content\/uploads\/2024\/06\/adeje-san-sebastian-2018-celebrations-01.jpeg","contentUrl":"https:\/\/caletasuitestenerife.com\/wp-content\/uploads\/2024\/06\/adeje-san-sebastian-2018-celebrations-01.jpeg","width":1280,"height":853},{"@type":"BreadcrumbList","@id":"https:\/\/caletasuitestenerife.com\/es\/que-hacer\/conoce-las-fiestas-tradicionales-de-la-caleta\/#breadcrumb","itemListElement":[{"@type":"ListItem","position":1,"name":"Portada","item":"https:\/\/caletasuitestenerife.com\/es\/"},{"@type":"ListItem","position":2,"name":"Conoce las fiestas tradicionales de La Caleta"}]},{"@type":"WebSite","@id":"https:\/\/caletasuitestenerife.com\/#website","url":"https:\/\/caletasuitestenerife.com\/","name":"Caleta Suites","description":"Apartamentos de Lujo","potentialAction":[{"@type":"SearchAction","target":{"@type":"EntryPoint","urlTemplate":"https:\/\/caletasuitestenerife.com\/?s={search_term_string}"},"query-input":{"@type":"PropertyValueSpecification","valueRequired":true,"valueName":"search_term_string"}}],"inLanguage":"es"},{"@type":"Person","@id":"https:\/\/caletasuitestenerife.com\/#\/schema\/person\/ac195cdc338605f601e9f7e49d70b198","name":"Gesti\u00f3n Caleta Suites","image":{"@type":"ImageObject","inLanguage":"es","@id":"https:\/\/secure.gravatar.com\/avatar\/2d166001cd059783261fe220073a8b706237b58b40f7b87d20fa3fd1e499a5df?s=96&d=mm&r=g","url":"https:\/\/secure.gravatar.com\/avatar\/2d166001cd059783261fe220073a8b706237b58b40f7b87d20fa3fd1e499a5df?s=96&d=mm&r=g","contentUrl":"https:\/\/secure.gravatar.com\/avatar\/2d166001cd059783261fe220073a8b706237b58b40f7b87d20fa3fd1e499a5df?s=96&d=mm&r=g","caption":"Gesti\u00f3n Caleta Suites"},"url":"https:\/\/caletasuitestenerife.com\/es\/author\/amj3hnw2p\/"}]}},"_links":{"self":[{"href":"https:\/\/caletasuitestenerife.com\/es\/wp-json\/wp\/v2\/posts\/4909","targetHints":{"allow":["GET"]}}],"collection":[{"href":"https:\/\/caletasuitestenerife.com\/es\/wp-json\/wp\/v2\/posts"}],"about":[{"href":"https:\/\/caletasuitestenerife.com\/es\/wp-json\/wp\/v2\/types\/post"}],"author":[{"embeddable":true,"href":"https:\/\/caletasuitestenerife.com\/es\/wp-json\/wp\/v2\/users\/4"}],"replies":[{"embeddable":true,"href":"https:\/\/caletasuitestenerife.com\/es\/wp-json\/wp\/v2\/comments?post=4909"}],"version-history":[{"count":13,"href":"https:\/\/caletasuitestenerife.com\/es\/wp-json\/wp\/v2\/posts\/4909\/revisions"}],"predecessor-version":[{"id":5050,"href":"https:\/\/caletasuitestenerife.com\/es\/wp-json\/wp\/v2\/posts\/4909\/revisions\/5050"}],"wp:featuredmedia":[{"embeddable":true,"href":"https:\/\/caletasuitestenerife.com\/es\/wp-json\/wp\/v2\/media\/4911"}],"wp:attachment":[{"href":"https:\/\/caletasuitestenerife.com\/es\/wp-json\/wp\/v2\/media?parent=4909"}],"wp:term":[{"taxonomy":"category","embeddable":true,"href":"https:\/\/caletasuitestenerife.com\/es\/wp-json\/wp\/v2\/categories?post=4909"},{"taxonomy":"post_tag","embeddable":true,"href":"https:\/\/caletasuitestenerife.com\/es\/wp-json\/wp\/v2\/tags?post=4909"}],"curies":[{"name":"wp","href":"https:\/\/api.w.org\/{rel}","templated":true}]}}