{"id":5864,"date":"2025-10-31T11:40:39","date_gmt":"2025-10-31T10:40:39","guid":{"rendered":"https:\/\/caletasuitestenerife.com\/sin-categoria\/proximamente-en-caleta-suites-un-nuevo-workspace-para-trabajar-desde-el-paraiso\/"},"modified":"2025-10-31T11:48:13","modified_gmt":"2025-10-31T10:48:13","slug":"proximamente-en-caleta-suites-un-nuevo-workspace-para-trabajar-desde-el-paraiso","status":"publish","type":"post","link":"https:\/\/caletasuitestenerife.com\/es\/noticias-que-hacer\/proximamente-en-caleta-suites-un-nuevo-workspace-para-trabajar-desde-el-paraiso\/","title":{"rendered":"Pr\u00f3ximamente en Caleta Suites: un nuevo Workspace para trabajar desde el para\u00edso"},"content":{"rendered":"\n<p><span style=\"font-weight: 400;\">En <\/span><b>Caleta Suites<\/b><span style=\"font-weight: 400;\"> seguimos evolucionando para ofrecer a nuestros hu\u00e9spedes experiencias que combinan <\/span><b>bienestar, inspiraci\u00f3n y funcionalidad<\/b><span style=\"font-weight: 400;\">. Por eso, a partir de <\/span><b>enero de 2026<\/b><span style=\"font-weight: 400;\">, contaremos con un nuevo <\/span><b>Workspace Caleta Suites<\/b><span style=\"font-weight: 400;\">, un entorno dise\u00f1ado para quienes buscan <\/span><b>un lugar donde descansar, crear y concentrarse<\/b><span style=\"font-weight: 400;\"> rodeados del mejor ambiente de <\/span><b>La Caleta Costa Adeje<\/b><span style=\"font-weight: 400;\">.<\/span><\/p>\n\n<p>El Workspace Caleta Suites nace como respuesta al estilo de vida actual: personas que pueden trabajar desde cualquier parte del mundo y eligen Tenerife por su clima, su tranquilidad y su calidad de vida. En este espacio, el trabajo y el descanso conviven de forma natural: podr\u00e1s atender tus proyectos por la ma\u00f1ana y disfrutar del mar, el golf o la gastronom\u00eda local por la tarde.&#13;\n<\/p>\n\n<h2 class=\"wp-block-heading\"><b>Inspiraci\u00f3n, calma y dise\u00f1o en el nuevo Workspace Caleta Suites<\/b><\/h2>\n\n<p>El nuevo Workspace Caleta Suites est\u00e1 concebido como un espacio luminoso, moderno y acogedor, donde cada detalle invita a la concentraci\u00f3n y la creatividad.&#13;\n<\/p>\n\n<p>Sus interiores reflejan el estilo contempor\u00e1neo y elegante que caracteriza a Caleta Suites: madera natural, l\u00edneas limpias, luz c\u00e1lida y zonas comunes dise\u00f1adas para conectar o inspirarse en un ambiente relajado.&#13;\n<\/p>\n\n<p>Ser\u00e1 un entorno amplio y sereno, con espacios de trabajo individuales y compartidos, zonas de descanso y una atm\u00f3sfera ideal para teletrabajar, escribir, dise\u00f1ar o simplemente dejar fluir las ideas.&#13;\n<\/p>\n\n<p>Una nueva forma de entender el trabajo remoto: sin estr\u00e9s, sin ruido y con la energ\u00eda \u00fanica del Atl\u00e1ntico como tel\u00f3n de fondo.<\/p>\n<div class=\"wp-block-image\">\n<figure class=\"aligncenter size-full\"><img fetchpriority=\"high\" decoding=\"async\" width=\"1000\" height=\"563\" src=\"https:\/\/caletasuitestenerife.com\/wp-content\/uploads\/2025\/09\/Coworking-1.webp\" alt=\"\" class=\"wp-image-5708\" srcset=\"https:\/\/caletasuitestenerife.com\/wp-content\/uploads\/2025\/09\/Coworking-1.webp 1000w, https:\/\/caletasuitestenerife.com\/wp-content\/uploads\/2025\/09\/Coworking-1-300x169.webp 300w\" sizes=\"(max-width: 1000px) 100vw, 1000px\" \/><figcaption class=\"wp-element-caption\">Caleta Suites Workspace<\/figcaption><\/figure>\n<\/div>\n<h2 class=\"wp-block-heading\">Vivir, trabajar y disfrutar en La Caleta Costa Adeje<\/h2>\n\n<p>Hospedarte en Caleta Suites significa vivir La Caleta en su m\u00e1xima expresi\u00f3n: su mar, su gastronom\u00eda, sus paseos y su calma. Ahora, con el nuevo Workspace Caleta Suites, podr\u00e1s teletrabajar sin renunciar al estilo de vida del sur de Tenerife.<\/p>\n\n<p>Imagina comenzar el d\u00eda con una sesi\u00f3n de trabajo en un espacio tranquilo y luminoso, y al finalizar, salir a disfrutar de una tarde en el Golf Costa Adeje, pasear junto al mar o cenar en alguno de los restaurantes m\u00e1s reconocidos de la zona. Porque aqu\u00ed, cada jornada puede combinar productividad y bienestar de forma natural.&#13;\n<\/p>\n\n<h2 class=\"wp-block-heading\"><h2><b>Tu oficina junto al mar te espera en 2026<\/b><\/h2><\/h2>\n\n<p><span style=\"font-weight: 400;\">El nuevo <\/span><b>Workspace Caleta Suites<\/b><span style=\"font-weight: 400;\"> estar\u00e1 disponible a <\/span><b>finales de enero de 2026<\/b><span style=\"font-weight: 400;\">, y redefinir\u00e1 la experiencia de trabajar desde el para\u00edso. Dise\u00f1ado para estancias largas o escapadas de trabajo, este espacio ofrecer\u00e1 a los hu\u00e9spedes <\/span><b>comodidad, inspiraci\u00f3n y la posibilidad de reconectar con lo importante<\/b><span style=\"font-weight: 400;\">: disfrutar de la vida mientras haces lo que te apasiona.<\/span><\/p>\n\n<p>Si eres de los que buscan equilibrio entre trabajo y descanso, Caleta Suites ser\u00e1 tu nuevo lugar favorito.&#13;\n<\/p>\n\n<h2 class=\"wp-block-heading\"><b>Insp\u00edrate con todo lo que ofrece Caleta Suites<\/b><\/h2>\n\n<p><span style=\"font-weight: 400;\">Adem\u00e1s del nuevo <\/span><b>Workspace Caleta Suites<\/b><span style=\"font-weight: 400;\">, te invitamos a descubrir otras experiencias que hacen de este lugar un destino \u00fanico: desde su cercan\u00eda al mar y al campo de golf, hasta su entorno gastron\u00f3mico, lleno de vida y sabor.<\/span><br\/><br\/><span style=\"font-weight: 400;\">Explora en nuestro blog las secciones de <\/span><b>gastronom\u00eda<\/b><span style=\"font-weight: 400;\">, <\/span><b>actividades<\/b><span style=\"font-weight: 400;\"> y <\/span><b>planes de bienestar<\/b><span style=\"font-weight: 400;\">, y empieza a imaginar tu pr\u00f3xima estancia en <\/span><b>La Caleta Costa Adeje<\/b><span style=\"font-weight: 400;\">.<\/span><\/p>\n","protected":false},"excerpt":{"rendered":"<p>En Caleta Suites seguimos evolucionando para ofrecer a nuestros hu\u00e9spedes experiencias que combinan bienestar, inspiraci\u00f3n y funcionalidad. Por eso, a partir de enero de 2026, contaremos con un nuevo Workspace Caleta Suites, un entorno dise\u00f1ado para quienes buscan un lugar donde descansar, crear y concentrarse rodeados del mejor ambiente de La Caleta Costa Adeje. El [&hellip;]<\/p>\n","protected":false},"author":6,"featured_media":5711,"comment_status":"open","ping_status":"open","sticky":false,"template":"","format":"standard","meta":{"footnotes":""},"categories":[29],"tags":[],"class_list":["post-5864","post","type-post","status-publish","format-standard","has-post-thumbnail","hentry","category-noticias-que-hacer"],"yoast_head":"<!-- This site is optimized with the Yoast SEO plugin v27.5 - https:\/\/yoast.com\/product\/yoast-seo-wordpress\/ -->\n<title>Pr\u00f3ximamente en Caleta Suites: un nuevo Workspace para trabajar desde el para\u00edso - Caleta Suites<\/title>\n<meta name=\"description\" content=\"A partir de enero de 2026, Caleta Suites estrenar\u00e1 un nuevo Workspace: un entorno luminoso y tranquilo para teletrabajar, crear o inspirarse en La Caleta Costa Adeje.\" \/>\n<meta name=\"robots\" content=\"index, follow, max-snippet:-1, max-image-preview:large, max-video-preview:-1\" \/>\n<link rel=\"canonical\" href=\"https:\/\/caletasuitestenerife.com\/es\/noticias-que-hacer\/proximamente-en-caleta-suites-un-nuevo-workspace-para-trabajar-desde-el-paraiso\/\" \/>\n<meta property=\"og:locale\" content=\"es_ES\" \/>\n<meta property=\"og:type\" content=\"article\" \/>\n<meta property=\"og:title\" content=\"Pr\u00f3ximamente en Caleta Suites: un nuevo Workspace para trabajar desde el para\u00edso - Caleta Suites\" \/>\n<meta property=\"og:description\" content=\"A partir de enero de 2026, Caleta Suites estrenar\u00e1 un nuevo Workspace: un entorno luminoso y tranquilo para teletrabajar, crear o inspirarse en La Caleta Costa Adeje.\" \/>\n<meta property=\"og:url\" content=\"https:\/\/caletasuitestenerife.com\/es\/noticias-que-hacer\/proximamente-en-caleta-suites-un-nuevo-workspace-para-trabajar-desde-el-paraiso\/\" \/>\n<meta property=\"og:site_name\" content=\"Caleta Suites\" \/>\n<meta property=\"article:published_time\" content=\"2025-10-31T10:40:39+00:00\" \/>\n<meta property=\"article:modified_time\" content=\"2025-10-31T10:48:13+00:00\" \/>\n<meta property=\"og:image\" content=\"https:\/\/caletasuitestenerife.com\/wp-content\/uploads\/2025\/09\/Coworking-2-e1761907440903.webp\" \/>\n\t<meta property=\"og:image:width\" content=\"1000\" \/>\n\t<meta property=\"og:image:height\" content=\"563\" \/>\n\t<meta property=\"og:image:type\" content=\"image\/webp\" \/>\n<meta name=\"author\" content=\"Paula Vera\" \/>\n<meta name=\"twitter:card\" content=\"summary_large_image\" \/>\n<meta name=\"twitter:label1\" content=\"Escrito por\" \/>\n\t<meta name=\"twitter:data1\" content=\"Paula Vera\" \/>\n\t<meta name=\"twitter:label2\" content=\"Tiempo de lectura\" \/>\n\t<meta name=\"twitter:data2\" content=\"3 minutos\" \/>\n<script type=\"application\/ld+json\" class=\"yoast-schema-graph\">{\"@context\":\"https:\\\/\\\/schema.org\",\"@graph\":[{\"@type\":\"Article\",\"@id\":\"https:\\\/\\\/caletasuitestenerife.com\\\/es\\\/noticias-que-hacer\\\/proximamente-en-caleta-suites-un-nuevo-workspace-para-trabajar-desde-el-paraiso\\\/#article\",\"isPartOf\":{\"@id\":\"https:\\\/\\\/caletasuitestenerife.com\\\/es\\\/noticias-que-hacer\\\/proximamente-en-caleta-suites-un-nuevo-workspace-para-trabajar-desde-el-paraiso\\\/\"},\"author\":{\"name\":\"Paula Vera\",\"@id\":\"https:\\\/\\\/caletasuitestenerife.com\\\/#\\\/schema\\\/person\\\/e66d994c2657d8c1a351ecef58018ca8\"},\"headline\":\"Pr\u00f3ximamente en Caleta Suites: un nuevo Workspace para trabajar desde el para\u00edso\",\"datePublished\":\"2025-10-31T10:40:39+00:00\",\"dateModified\":\"2025-10-31T10:48:13+00:00\",\"mainEntityOfPage\":{\"@id\":\"https:\\\/\\\/caletasuitestenerife.com\\\/es\\\/noticias-que-hacer\\\/proximamente-en-caleta-suites-un-nuevo-workspace-para-trabajar-desde-el-paraiso\\\/\"},\"wordCount\":549,\"commentCount\":0,\"image\":{\"@id\":\"https:\\\/\\\/caletasuitestenerife.com\\\/es\\\/noticias-que-hacer\\\/proximamente-en-caleta-suites-un-nuevo-workspace-para-trabajar-desde-el-paraiso\\\/#primaryimage\"},\"thumbnailUrl\":\"https:\\\/\\\/caletasuitestenerife.com\\\/wp-content\\\/uploads\\\/2025\\\/09\\\/Coworking-2-e1761907440903.webp\",\"articleSection\":[\"Noticias Qu\u00e9 Hacer\"],\"inLanguage\":\"es\",\"potentialAction\":[{\"@type\":\"CommentAction\",\"name\":\"Comment\",\"target\":[\"https:\\\/\\\/caletasuitestenerife.com\\\/es\\\/noticias-que-hacer\\\/proximamente-en-caleta-suites-un-nuevo-workspace-para-trabajar-desde-el-paraiso\\\/#respond\"]}]},{\"@type\":\"WebPage\",\"@id\":\"https:\\\/\\\/caletasuitestenerife.com\\\/es\\\/noticias-que-hacer\\\/proximamente-en-caleta-suites-un-nuevo-workspace-para-trabajar-desde-el-paraiso\\\/\",\"url\":\"https:\\\/\\\/caletasuitestenerife.com\\\/es\\\/noticias-que-hacer\\\/proximamente-en-caleta-suites-un-nuevo-workspace-para-trabajar-desde-el-paraiso\\\/\",\"name\":\"Pr\u00f3ximamente en Caleta Suites: un nuevo Workspace para trabajar desde el para\u00edso - Caleta Suites\",\"isPartOf\":{\"@id\":\"https:\\\/\\\/caletasuitestenerife.com\\\/#website\"},\"primaryImageOfPage\":{\"@id\":\"https:\\\/\\\/caletasuitestenerife.com\\\/es\\\/noticias-que-hacer\\\/proximamente-en-caleta-suites-un-nuevo-workspace-para-trabajar-desde-el-paraiso\\\/#primaryimage\"},\"image\":{\"@id\":\"https:\\\/\\\/caletasuitestenerife.com\\\/es\\\/noticias-que-hacer\\\/proximamente-en-caleta-suites-un-nuevo-workspace-para-trabajar-desde-el-paraiso\\\/#primaryimage\"},\"thumbnailUrl\":\"https:\\\/\\\/caletasuitestenerife.com\\\/wp-content\\\/uploads\\\/2025\\\/09\\\/Coworking-2-e1761907440903.webp\",\"datePublished\":\"2025-10-31T10:40:39+00:00\",\"dateModified\":\"2025-10-31T10:48:13+00:00\",\"author\":{\"@id\":\"https:\\\/\\\/caletasuitestenerife.com\\\/#\\\/schema\\\/person\\\/e66d994c2657d8c1a351ecef58018ca8\"},\"description\":\"A partir de enero de 2026, Caleta Suites estrenar\u00e1 un nuevo Workspace: un entorno luminoso y tranquilo para teletrabajar, crear o inspirarse en La Caleta Costa Adeje.\",\"breadcrumb\":{\"@id\":\"https:\\\/\\\/caletasuitestenerife.com\\\/es\\\/noticias-que-hacer\\\/proximamente-en-caleta-suites-un-nuevo-workspace-para-trabajar-desde-el-paraiso\\\/#breadcrumb\"},\"inLanguage\":\"es\",\"potentialAction\":[{\"@type\":\"ReadAction\",\"target\":[\"https:\\\/\\\/caletasuitestenerife.com\\\/es\\\/noticias-que-hacer\\\/proximamente-en-caleta-suites-un-nuevo-workspace-para-trabajar-desde-el-paraiso\\\/\"]}]},{\"@type\":\"ImageObject\",\"inLanguage\":\"es\",\"@id\":\"https:\\\/\\\/caletasuitestenerife.com\\\/es\\\/noticias-que-hacer\\\/proximamente-en-caleta-suites-un-nuevo-workspace-para-trabajar-desde-el-paraiso\\\/#primaryimage\",\"url\":\"https:\\\/\\\/caletasuitestenerife.com\\\/wp-content\\\/uploads\\\/2025\\\/09\\\/Coworking-2-e1761907440903.webp\",\"contentUrl\":\"https:\\\/\\\/caletasuitestenerife.com\\\/wp-content\\\/uploads\\\/2025\\\/09\\\/Coworking-2-e1761907440903.webp\",\"width\":1000,\"height\":563,\"caption\":\"Caleta Suites Workspace\"},{\"@type\":\"BreadcrumbList\",\"@id\":\"https:\\\/\\\/caletasuitestenerife.com\\\/es\\\/noticias-que-hacer\\\/proximamente-en-caleta-suites-un-nuevo-workspace-para-trabajar-desde-el-paraiso\\\/#breadcrumb\",\"itemListElement\":[{\"@type\":\"ListItem\",\"position\":1,\"name\":\"Portada\",\"item\":\"https:\\\/\\\/caletasuitestenerife.com\\\/es\\\/\"},{\"@type\":\"ListItem\",\"position\":2,\"name\":\"Pr\u00f3ximamente en Caleta Suites: un nuevo Workspace para trabajar desde el para\u00edso\"}]},{\"@type\":\"WebSite\",\"@id\":\"https:\\\/\\\/caletasuitestenerife.com\\\/#website\",\"url\":\"https:\\\/\\\/caletasuitestenerife.com\\\/\",\"name\":\"Caleta Suites\",\"description\":\"Apartamentos de Lujo\",\"potentialAction\":[{\"@type\":\"SearchAction\",\"target\":{\"@type\":\"EntryPoint\",\"urlTemplate\":\"https:\\\/\\\/caletasuitestenerife.com\\\/?s={search_term_string}\"},\"query-input\":{\"@type\":\"PropertyValueSpecification\",\"valueRequired\":true,\"valueName\":\"search_term_string\"}}],\"inLanguage\":\"es\"},{\"@type\":\"Person\",\"@id\":\"https:\\\/\\\/caletasuitestenerife.com\\\/#\\\/schema\\\/person\\\/e66d994c2657d8c1a351ecef58018ca8\",\"name\":\"Paula Vera\",\"image\":{\"@type\":\"ImageObject\",\"inLanguage\":\"es\",\"@id\":\"https:\\\/\\\/secure.gravatar.com\\\/avatar\\\/3e84a6d9a8258a68ad5a7c56d8c256eaeed31f91e37dac0d3633c2a191c0d251?s=96&d=mm&r=g\",\"url\":\"https:\\\/\\\/secure.gravatar.com\\\/avatar\\\/3e84a6d9a8258a68ad5a7c56d8c256eaeed31f91e37dac0d3633c2a191c0d251?s=96&d=mm&r=g\",\"contentUrl\":\"https:\\\/\\\/secure.gravatar.com\\\/avatar\\\/3e84a6d9a8258a68ad5a7c56d8c256eaeed31f91e37dac0d3633c2a191c0d251?s=96&d=mm&r=g\",\"caption\":\"Paula Vera\"},\"url\":\"https:\\\/\\\/caletasuitestenerife.com\\\/es\\\/author\\\/paulavera\\\/\"}]}<\/script>\n<!-- \/ Yoast SEO plugin. -->","yoast_head_json":{"title":"Pr\u00f3ximamente en Caleta Suites: un nuevo Workspace para trabajar desde el para\u00edso - Caleta Suites","description":"A partir de enero de 2026, Caleta Suites estrenar\u00e1 un nuevo Workspace: un entorno luminoso y tranquilo para teletrabajar, crear o inspirarse en La Caleta Costa Adeje.","robots":{"index":"index","follow":"follow","max-snippet":"max-snippet:-1","max-image-preview":"max-image-preview:large","max-video-preview":"max-video-preview:-1"},"canonical":"https:\/\/caletasuitestenerife.com\/es\/noticias-que-hacer\/proximamente-en-caleta-suites-un-nuevo-workspace-para-trabajar-desde-el-paraiso\/","og_locale":"es_ES","og_type":"article","og_title":"Pr\u00f3ximamente en Caleta Suites: un nuevo Workspace para trabajar desde el para\u00edso - Caleta Suites","og_description":"A partir de enero de 2026, Caleta Suites estrenar\u00e1 un nuevo Workspace: un entorno luminoso y tranquilo para teletrabajar, crear o inspirarse en La Caleta Costa Adeje.","og_url":"https:\/\/caletasuitestenerife.com\/es\/noticias-que-hacer\/proximamente-en-caleta-suites-un-nuevo-workspace-para-trabajar-desde-el-paraiso\/","og_site_name":"Caleta Suites","article_published_time":"2025-10-31T10:40:39+00:00","article_modified_time":"2025-10-31T10:48:13+00:00","og_image":[{"width":1000,"height":563,"url":"https:\/\/caletasuitestenerife.com\/wp-content\/uploads\/2025\/09\/Coworking-2-e1761907440903.webp","type":"image\/webp"}],"author":"Paula Vera","twitter_card":"summary_large_image","twitter_misc":{"Escrito por":"Paula Vera","Tiempo de lectura":"3 minutos"},"schema":{"@context":"https:\/\/schema.org","@graph":[{"@type":"Article","@id":"https:\/\/caletasuitestenerife.com\/es\/noticias-que-hacer\/proximamente-en-caleta-suites-un-nuevo-workspace-para-trabajar-desde-el-paraiso\/#article","isPartOf":{"@id":"https:\/\/caletasuitestenerife.com\/es\/noticias-que-hacer\/proximamente-en-caleta-suites-un-nuevo-workspace-para-trabajar-desde-el-paraiso\/"},"author":{"name":"Paula Vera","@id":"https:\/\/caletasuitestenerife.com\/#\/schema\/person\/e66d994c2657d8c1a351ecef58018ca8"},"headline":"Pr\u00f3ximamente en Caleta Suites: un nuevo Workspace para trabajar desde el para\u00edso","datePublished":"2025-10-31T10:40:39+00:00","dateModified":"2025-10-31T10:48:13+00:00","mainEntityOfPage":{"@id":"https:\/\/caletasuitestenerife.com\/es\/noticias-que-hacer\/proximamente-en-caleta-suites-un-nuevo-workspace-para-trabajar-desde-el-paraiso\/"},"wordCount":549,"commentCount":0,"image":{"@id":"https:\/\/caletasuitestenerife.com\/es\/noticias-que-hacer\/proximamente-en-caleta-suites-un-nuevo-workspace-para-trabajar-desde-el-paraiso\/#primaryimage"},"thumbnailUrl":"https:\/\/caletasuitestenerife.com\/wp-content\/uploads\/2025\/09\/Coworking-2-e1761907440903.webp","articleSection":["Noticias Qu\u00e9 Hacer"],"inLanguage":"es","potentialAction":[{"@type":"CommentAction","name":"Comment","target":["https:\/\/caletasuitestenerife.com\/es\/noticias-que-hacer\/proximamente-en-caleta-suites-un-nuevo-workspace-para-trabajar-desde-el-paraiso\/#respond"]}]},{"@type":"WebPage","@id":"https:\/\/caletasuitestenerife.com\/es\/noticias-que-hacer\/proximamente-en-caleta-suites-un-nuevo-workspace-para-trabajar-desde-el-paraiso\/","url":"https:\/\/caletasuitestenerife.com\/es\/noticias-que-hacer\/proximamente-en-caleta-suites-un-nuevo-workspace-para-trabajar-desde-el-paraiso\/","name":"Pr\u00f3ximamente en Caleta Suites: un nuevo Workspace para trabajar desde el para\u00edso - Caleta Suites","isPartOf":{"@id":"https:\/\/caletasuitestenerife.com\/#website"},"primaryImageOfPage":{"@id":"https:\/\/caletasuitestenerife.com\/es\/noticias-que-hacer\/proximamente-en-caleta-suites-un-nuevo-workspace-para-trabajar-desde-el-paraiso\/#primaryimage"},"image":{"@id":"https:\/\/caletasuitestenerife.com\/es\/noticias-que-hacer\/proximamente-en-caleta-suites-un-nuevo-workspace-para-trabajar-desde-el-paraiso\/#primaryimage"},"thumbnailUrl":"https:\/\/caletasuitestenerife.com\/wp-content\/uploads\/2025\/09\/Coworking-2-e1761907440903.webp","datePublished":"2025-10-31T10:40:39+00:00","dateModified":"2025-10-31T10:48:13+00:00","author":{"@id":"https:\/\/caletasuitestenerife.com\/#\/schema\/person\/e66d994c2657d8c1a351ecef58018ca8"},"description":"A partir de enero de 2026, Caleta Suites estrenar\u00e1 un nuevo Workspace: un entorno luminoso y tranquilo para teletrabajar, crear o inspirarse en La Caleta Costa Adeje.","breadcrumb":{"@id":"https:\/\/caletasuitestenerife.com\/es\/noticias-que-hacer\/proximamente-en-caleta-suites-un-nuevo-workspace-para-trabajar-desde-el-paraiso\/#breadcrumb"},"inLanguage":"es","potentialAction":[{"@type":"ReadAction","target":["https:\/\/caletasuitestenerife.com\/es\/noticias-que-hacer\/proximamente-en-caleta-suites-un-nuevo-workspace-para-trabajar-desde-el-paraiso\/"]}]},{"@type":"ImageObject","inLanguage":"es","@id":"https:\/\/caletasuitestenerife.com\/es\/noticias-que-hacer\/proximamente-en-caleta-suites-un-nuevo-workspace-para-trabajar-desde-el-paraiso\/#primaryimage","url":"https:\/\/caletasuitestenerife.com\/wp-content\/uploads\/2025\/09\/Coworking-2-e1761907440903.webp","contentUrl":"https:\/\/caletasuitestenerife.com\/wp-content\/uploads\/2025\/09\/Coworking-2-e1761907440903.webp","width":1000,"height":563,"caption":"Caleta Suites Workspace"},{"@type":"BreadcrumbList","@id":"https:\/\/caletasuitestenerife.com\/es\/noticias-que-hacer\/proximamente-en-caleta-suites-un-nuevo-workspace-para-trabajar-desde-el-paraiso\/#breadcrumb","itemListElement":[{"@type":"ListItem","position":1,"name":"Portada","item":"https:\/\/caletasuitestenerife.com\/es\/"},{"@type":"ListItem","position":2,"name":"Pr\u00f3ximamente en Caleta Suites: un nuevo Workspace para trabajar desde el para\u00edso"}]},{"@type":"WebSite","@id":"https:\/\/caletasuitestenerife.com\/#website","url":"https:\/\/caletasuitestenerife.com\/","name":"Caleta Suites","description":"Apartamentos de Lujo","potentialAction":[{"@type":"SearchAction","target":{"@type":"EntryPoint","urlTemplate":"https:\/\/caletasuitestenerife.com\/?s={search_term_string}"},"query-input":{"@type":"PropertyValueSpecification","valueRequired":true,"valueName":"search_term_string"}}],"inLanguage":"es"},{"@type":"Person","@id":"https:\/\/caletasuitestenerife.com\/#\/schema\/person\/e66d994c2657d8c1a351ecef58018ca8","name":"Paula Vera","image":{"@type":"ImageObject","inLanguage":"es","@id":"https:\/\/secure.gravatar.com\/avatar\/3e84a6d9a8258a68ad5a7c56d8c256eaeed31f91e37dac0d3633c2a191c0d251?s=96&d=mm&r=g","url":"https:\/\/secure.gravatar.com\/avatar\/3e84a6d9a8258a68ad5a7c56d8c256eaeed31f91e37dac0d3633c2a191c0d251?s=96&d=mm&r=g","contentUrl":"https:\/\/secure.gravatar.com\/avatar\/3e84a6d9a8258a68ad5a7c56d8c256eaeed31f91e37dac0d3633c2a191c0d251?s=96&d=mm&r=g","caption":"Paula Vera"},"url":"https:\/\/caletasuitestenerife.com\/es\/author\/paulavera\/"}]}},"_links":{"self":[{"href":"https:\/\/caletasuitestenerife.com\/es\/wp-json\/wp\/v2\/posts\/5864","targetHints":{"allow":["GET"]}}],"collection":[{"href":"https:\/\/caletasuitestenerife.com\/es\/wp-json\/wp\/v2\/posts"}],"about":[{"href":"https:\/\/caletasuitestenerife.com\/es\/wp-json\/wp\/v2\/types\/post"}],"author":[{"embeddable":true,"href":"https:\/\/caletasuitestenerife.com\/es\/wp-json\/wp\/v2\/users\/6"}],"replies":[{"embeddable":true,"href":"https:\/\/caletasuitestenerife.com\/es\/wp-json\/wp\/v2\/comments?post=5864"}],"version-history":[{"count":1,"href":"https:\/\/caletasuitestenerife.com\/es\/wp-json\/wp\/v2\/posts\/5864\/revisions"}],"predecessor-version":[{"id":5865,"href":"https:\/\/caletasuitestenerife.com\/es\/wp-json\/wp\/v2\/posts\/5864\/revisions\/5865"}],"wp:featuredmedia":[{"embeddable":true,"href":"https:\/\/caletasuitestenerife.com\/es\/wp-json\/wp\/v2\/media\/5711"}],"wp:attachment":[{"href":"https:\/\/caletasuitestenerife.com\/es\/wp-json\/wp\/v2\/media?parent=5864"}],"wp:term":[{"taxonomy":"category","embeddable":true,"href":"https:\/\/caletasuitestenerife.com\/es\/wp-json\/wp\/v2\/categories?post=5864"},{"taxonomy":"post_tag","embeddable":true,"href":"https:\/\/caletasuitestenerife.com\/es\/wp-json\/wp\/v2\/tags?post=5864"}],"curies":[{"name":"wp","href":"https:\/\/api.w.org\/{rel}","templated":true}]}}