{"id":6226,"date":"2026-02-13T11:27:31","date_gmt":"2026-02-13T10:27:31","guid":{"rendered":"https:\/\/caletasuitestenerife.com\/sin-categoria\/carnaval-en-tenerife-tradicion-color-y-donde-alojarse-para-descansar\/"},"modified":"2026-02-13T11:31:44","modified_gmt":"2026-02-13T10:31:44","slug":"carnaval-en-tenerife-tradicion-color-y-donde-alojarse-para-descansar","status":"publish","type":"post","link":"https:\/\/caletasuitestenerife.com\/es\/que-hacer\/carnaval-en-tenerife-tradicion-color-y-donde-alojarse-para-descansar\/","title":{"rendered":"Carnaval en Tenerife: tradici\u00f3n, color y d\u00f3nde alojarse para descansar"},"content":{"rendered":"\n<p>El Carnaval en Tenerife es uno de los eventos m\u00e1s importantes del calendario cultural de la isla y est\u00e1 considerado entre los mejores carnavales del mundo. Cada a\u00f1o, miles de personas viajan hasta Santa Cruz para disfrutar de desfiles, comparsas, murgas y espect\u00e1culos llenos de m\u00fasica, fantas\u00eda y creatividad. Durante semanas, la isla se llena de ritmo, disfraces y una energ\u00eda dif\u00edcil de igualar. Sin embargo, m\u00e1s all\u00e1 del bullicio, el Carnaval en Tenerife tambi\u00e9n puede vivirse desde una perspectiva diferente, combinando la experiencia festiva con momentos de descanso frente al mar.<\/p>\n\n<h3 class=\"wp-block-heading\">El Carnaval en Tenerife: historia y tradici\u00f3n<\/h3>\n\n<p>El Carnaval en Tenerife tiene ra\u00edces que se remontan al siglo XVIII, cuando las celebraciones populares preced\u00edan a la Cuaresma con bailes de m\u00e1scaras y fiestas callejeras. Con el paso del tiempo, la tradici\u00f3n evolucion\u00f3 hasta convertirse en el gran espect\u00e1culo que conocemos hoy.&#13;\n<\/p>\n\n<p>La Gala de Elecci\u00f3n de la Reina, los concursos de murgas y comparsas, el Coso Apoteosis o el Entierro de la Sardina son algunos de los actos m\u00e1s emblem\u00e1ticos. Santa Cruz de Tenerife concentra la mayor parte de los eventos, pero el esp\u00edritu carnavalesco se extiende por toda la isla, incluido el sur.&#13;\n&#13;\n<\/p>\n\n<p>El Carnaval en Tenerife no es solo una fiesta; es identidad cultural y una muestra del car\u00e1cter abierto y creativo de la isla. Por eso atrae tanto a visitantes nacionales como internacionales que buscan vivir una experiencia \u00fanica.<\/p>\n\n<h3 class=\"wp-block-heading\">Disfrutar del carnaval y descansar despu\u00e9s<\/h3>\n\n<p>Si bien el Carnaval en Tenerife es sin\u00f3nimo de celebraci\u00f3n y ambiente vibrante, no todos los viajeros buscan alojarse en pleno centro de los eventos. Muchos prefieren combinar la experiencia festiva con un entorno tranquilo donde desconectar despu\u00e9s de un d\u00eda intenso.&#13;\n&#13;\n<\/p>\n\n<p>Aqu\u00ed es donde el sur de la isla, y especialmente La Caleta, se convierten en una alternativa perfecta. Situada en Costa Adeje, esta zona ofrece un ambiente mucho m\u00e1s relajado, con paseos junto al mar, restaurantes de calidad y un ritmo pausado que contrasta con la intensidad de la capital durante estas fechas.&#13;\n&#13;\n<\/p>\n\n<p>Desde La Caleta es posible desplazarse f\u00e1cilmente para disfrutar de los principales actos del Carnaval en Tenerife y regresar despu\u00e9s a un espacio sereno donde descansar.<\/p>\n\n<h3 class=\"wp-block-heading\">Caleta Suites: el equilibrio perfecto durante el Carnaval en Tenerife<\/h3>\n\n<p>Si est\u00e1s pensando en viajar durante el Carnaval en Tenerife pero no quieres renunciar al confort y la tranquilidad, Caleta Suites es una opci\u00f3n ideal. Sus apartamentos amplios, luminosos y cuidadosamente dise\u00f1ados permiten disfrutar de una estancia relajada en pareja, en familia o con amigos.&#13;\n&#13;\n<\/p>\n\n<p>Tras una noche de disfraces, m\u00fasica y celebraci\u00f3n, regresar a un entorno tranquilo marca la diferencia. En La Caleta podr\u00e1s pasear al atardecer, disfrutar de una cena frente al oc\u00e9ano o simplemente descansar en un ambiente sereno y exclusivo.&#13;\n&#13;\n<\/p>\n\n<p>El Carnaval en Tenerife puede vivirse con intensidad durante el d\u00eda y con calma al caer la noche. Ese equilibrio entre tradici\u00f3n, cultura y descanso convierte a La Caleta en una ubicaci\u00f3n estrat\u00e9gica para quienes desean disfrutar de la fiesta sin renunciar a la tranquilidad.&#13;\n&#13;\n<\/p>\n\n<p>Si quieres descubrir m\u00e1s sobre La Caleta, conocer su oferta gastron\u00f3mica o explorar planes para disfrutar del sur de Tenerife durante tu estancia, <a href=\"https:\/\/caletasuitestenerife.com\/es\/la-caleta\/\">te invitamos a visitar nuestro blog.<\/a> All\u00ed encontrar\u00e1s ideas para vivir la isla a tu ritmo desde Caleta Suites.<\/p>\n","protected":false},"excerpt":{"rendered":"<p>El Carnaval en Tenerife es uno de los eventos m\u00e1s importantes del calendario cultural de la isla y est\u00e1 considerado entre los mejores carnavales del mundo. Cada a\u00f1o, miles de personas viajan hasta Santa Cruz para disfrutar de desfiles, comparsas, murgas y espect\u00e1culos llenos de m\u00fasica, fantas\u00eda y creatividad. Durante semanas, la isla se llena [&hellip;]<\/p>\n","protected":false},"author":6,"featured_media":6224,"comment_status":"open","ping_status":"open","sticky":false,"template":"","format":"standard","meta":{"footnotes":""},"categories":[20],"tags":[],"class_list":["post-6226","post","type-post","status-publish","format-standard","has-post-thumbnail","hentry","category-que-hacer"],"yoast_head":"<!-- This site is optimized with the Yoast SEO plugin v27.5 - https:\/\/yoast.com\/product\/yoast-seo-wordpress\/ -->\n<title>Carnaval en Tenerife: tradici\u00f3n, color y d\u00f3nde alojarse para descansar - Caleta Suites<\/title>\n<meta name=\"description\" content=\"Carnaval en Tenerife y d\u00f3nde alojarse para descansar en La Caleta.\" \/>\n<meta name=\"robots\" content=\"index, follow, max-snippet:-1, max-image-preview:large, max-video-preview:-1\" \/>\n<link rel=\"canonical\" href=\"https:\/\/caletasuitestenerife.com\/es\/que-hacer\/carnaval-en-tenerife-tradicion-color-y-donde-alojarse-para-descansar\/\" \/>\n<meta property=\"og:locale\" content=\"es_ES\" \/>\n<meta property=\"og:type\" content=\"article\" \/>\n<meta property=\"og:title\" content=\"Carnaval en Tenerife: tradici\u00f3n, color y d\u00f3nde alojarse para descansar - Caleta Suites\" \/>\n<meta property=\"og:description\" content=\"Carnaval en Tenerife y d\u00f3nde alojarse para descansar en La Caleta.\" \/>\n<meta property=\"og:url\" content=\"https:\/\/caletasuitestenerife.com\/es\/que-hacer\/carnaval-en-tenerife-tradicion-color-y-donde-alojarse-para-descansar\/\" \/>\n<meta property=\"og:site_name\" content=\"Caleta Suites\" \/>\n<meta property=\"article:published_time\" content=\"2026-02-13T10:27:31+00:00\" \/>\n<meta property=\"article:modified_time\" content=\"2026-02-13T10:31:44+00:00\" \/>\n<meta property=\"og:image\" content=\"https:\/\/caletasuitestenerife.com\/wp-content\/uploads\/2026\/02\/PORTADA-BLOG-1.png\" \/>\n\t<meta property=\"og:image:width\" content=\"1200\" \/>\n\t<meta property=\"og:image:height\" content=\"900\" \/>\n\t<meta property=\"og:image:type\" content=\"image\/png\" \/>\n<meta name=\"author\" content=\"Paula Vera\" \/>\n<meta name=\"twitter:card\" content=\"summary_large_image\" \/>\n<meta name=\"twitter:label1\" content=\"Escrito por\" \/>\n\t<meta name=\"twitter:data1\" content=\"Paula Vera\" \/>\n\t<meta name=\"twitter:label2\" content=\"Tiempo de lectura\" \/>\n\t<meta name=\"twitter:data2\" content=\"3 minutos\" \/>\n<script type=\"application\/ld+json\" class=\"yoast-schema-graph\">{\"@context\":\"https:\\\/\\\/schema.org\",\"@graph\":[{\"@type\":\"Article\",\"@id\":\"https:\\\/\\\/caletasuitestenerife.com\\\/es\\\/que-hacer\\\/carnaval-en-tenerife-tradicion-color-y-donde-alojarse-para-descansar\\\/#article\",\"isPartOf\":{\"@id\":\"https:\\\/\\\/caletasuitestenerife.com\\\/es\\\/que-hacer\\\/carnaval-en-tenerife-tradicion-color-y-donde-alojarse-para-descansar\\\/\"},\"author\":{\"name\":\"Paula Vera\",\"@id\":\"https:\\\/\\\/caletasuitestenerife.com\\\/#\\\/schema\\\/person\\\/e66d994c2657d8c1a351ecef58018ca8\"},\"headline\":\"Carnaval en Tenerife: tradici\u00f3n, color y d\u00f3nde alojarse para descansar\",\"datePublished\":\"2026-02-13T10:27:31+00:00\",\"dateModified\":\"2026-02-13T10:31:44+00:00\",\"mainEntityOfPage\":{\"@id\":\"https:\\\/\\\/caletasuitestenerife.com\\\/es\\\/que-hacer\\\/carnaval-en-tenerife-tradicion-color-y-donde-alojarse-para-descansar\\\/\"},\"wordCount\":596,\"commentCount\":0,\"image\":{\"@id\":\"https:\\\/\\\/caletasuitestenerife.com\\\/es\\\/que-hacer\\\/carnaval-en-tenerife-tradicion-color-y-donde-alojarse-para-descansar\\\/#primaryimage\"},\"thumbnailUrl\":\"https:\\\/\\\/caletasuitestenerife.com\\\/wp-content\\\/uploads\\\/2026\\\/02\\\/PORTADA-BLOG-1.png\",\"articleSection\":[\"Qu\u00e9 hacer\"],\"inLanguage\":\"es\",\"potentialAction\":[{\"@type\":\"CommentAction\",\"name\":\"Comment\",\"target\":[\"https:\\\/\\\/caletasuitestenerife.com\\\/es\\\/que-hacer\\\/carnaval-en-tenerife-tradicion-color-y-donde-alojarse-para-descansar\\\/#respond\"]}]},{\"@type\":\"WebPage\",\"@id\":\"https:\\\/\\\/caletasuitestenerife.com\\\/es\\\/que-hacer\\\/carnaval-en-tenerife-tradicion-color-y-donde-alojarse-para-descansar\\\/\",\"url\":\"https:\\\/\\\/caletasuitestenerife.com\\\/es\\\/que-hacer\\\/carnaval-en-tenerife-tradicion-color-y-donde-alojarse-para-descansar\\\/\",\"name\":\"Carnaval en Tenerife: tradici\u00f3n, color y d\u00f3nde alojarse para descansar - Caleta Suites\",\"isPartOf\":{\"@id\":\"https:\\\/\\\/caletasuitestenerife.com\\\/#website\"},\"primaryImageOfPage\":{\"@id\":\"https:\\\/\\\/caletasuitestenerife.com\\\/es\\\/que-hacer\\\/carnaval-en-tenerife-tradicion-color-y-donde-alojarse-para-descansar\\\/#primaryimage\"},\"image\":{\"@id\":\"https:\\\/\\\/caletasuitestenerife.com\\\/es\\\/que-hacer\\\/carnaval-en-tenerife-tradicion-color-y-donde-alojarse-para-descansar\\\/#primaryimage\"},\"thumbnailUrl\":\"https:\\\/\\\/caletasuitestenerife.com\\\/wp-content\\\/uploads\\\/2026\\\/02\\\/PORTADA-BLOG-1.png\",\"datePublished\":\"2026-02-13T10:27:31+00:00\",\"dateModified\":\"2026-02-13T10:31:44+00:00\",\"author\":{\"@id\":\"https:\\\/\\\/caletasuitestenerife.com\\\/#\\\/schema\\\/person\\\/e66d994c2657d8c1a351ecef58018ca8\"},\"description\":\"Carnaval en Tenerife y d\u00f3nde alojarse para descansar en La Caleta.\",\"breadcrumb\":{\"@id\":\"https:\\\/\\\/caletasuitestenerife.com\\\/es\\\/que-hacer\\\/carnaval-en-tenerife-tradicion-color-y-donde-alojarse-para-descansar\\\/#breadcrumb\"},\"inLanguage\":\"es\",\"potentialAction\":[{\"@type\":\"ReadAction\",\"target\":[\"https:\\\/\\\/caletasuitestenerife.com\\\/es\\\/que-hacer\\\/carnaval-en-tenerife-tradicion-color-y-donde-alojarse-para-descansar\\\/\"]}]},{\"@type\":\"ImageObject\",\"inLanguage\":\"es\",\"@id\":\"https:\\\/\\\/caletasuitestenerife.com\\\/es\\\/que-hacer\\\/carnaval-en-tenerife-tradicion-color-y-donde-alojarse-para-descansar\\\/#primaryimage\",\"url\":\"https:\\\/\\\/caletasuitestenerife.com\\\/wp-content\\\/uploads\\\/2026\\\/02\\\/PORTADA-BLOG-1.png\",\"contentUrl\":\"https:\\\/\\\/caletasuitestenerife.com\\\/wp-content\\\/uploads\\\/2026\\\/02\\\/PORTADA-BLOG-1.png\",\"width\":1200,\"height\":900},{\"@type\":\"BreadcrumbList\",\"@id\":\"https:\\\/\\\/caletasuitestenerife.com\\\/es\\\/que-hacer\\\/carnaval-en-tenerife-tradicion-color-y-donde-alojarse-para-descansar\\\/#breadcrumb\",\"itemListElement\":[{\"@type\":\"ListItem\",\"position\":1,\"name\":\"Portada\",\"item\":\"https:\\\/\\\/caletasuitestenerife.com\\\/es\\\/\"},{\"@type\":\"ListItem\",\"position\":2,\"name\":\"Carnaval en Tenerife: tradici\u00f3n, color y d\u00f3nde alojarse para descansar\"}]},{\"@type\":\"WebSite\",\"@id\":\"https:\\\/\\\/caletasuitestenerife.com\\\/#website\",\"url\":\"https:\\\/\\\/caletasuitestenerife.com\\\/\",\"name\":\"Caleta Suites\",\"description\":\"Apartamentos de Lujo\",\"potentialAction\":[{\"@type\":\"SearchAction\",\"target\":{\"@type\":\"EntryPoint\",\"urlTemplate\":\"https:\\\/\\\/caletasuitestenerife.com\\\/?s={search_term_string}\"},\"query-input\":{\"@type\":\"PropertyValueSpecification\",\"valueRequired\":true,\"valueName\":\"search_term_string\"}}],\"inLanguage\":\"es\"},{\"@type\":\"Person\",\"@id\":\"https:\\\/\\\/caletasuitestenerife.com\\\/#\\\/schema\\\/person\\\/e66d994c2657d8c1a351ecef58018ca8\",\"name\":\"Paula Vera\",\"image\":{\"@type\":\"ImageObject\",\"inLanguage\":\"es\",\"@id\":\"https:\\\/\\\/secure.gravatar.com\\\/avatar\\\/3e84a6d9a8258a68ad5a7c56d8c256eaeed31f91e37dac0d3633c2a191c0d251?s=96&d=mm&r=g\",\"url\":\"https:\\\/\\\/secure.gravatar.com\\\/avatar\\\/3e84a6d9a8258a68ad5a7c56d8c256eaeed31f91e37dac0d3633c2a191c0d251?s=96&d=mm&r=g\",\"contentUrl\":\"https:\\\/\\\/secure.gravatar.com\\\/avatar\\\/3e84a6d9a8258a68ad5a7c56d8c256eaeed31f91e37dac0d3633c2a191c0d251?s=96&d=mm&r=g\",\"caption\":\"Paula Vera\"},\"url\":\"https:\\\/\\\/caletasuitestenerife.com\\\/es\\\/author\\\/paulavera\\\/\"}]}<\/script>\n<!-- \/ Yoast SEO plugin. -->","yoast_head_json":{"title":"Carnaval en Tenerife: tradici\u00f3n, color y d\u00f3nde alojarse para descansar - Caleta Suites","description":"Carnaval en Tenerife y d\u00f3nde alojarse para descansar en La Caleta.","robots":{"index":"index","follow":"follow","max-snippet":"max-snippet:-1","max-image-preview":"max-image-preview:large","max-video-preview":"max-video-preview:-1"},"canonical":"https:\/\/caletasuitestenerife.com\/es\/que-hacer\/carnaval-en-tenerife-tradicion-color-y-donde-alojarse-para-descansar\/","og_locale":"es_ES","og_type":"article","og_title":"Carnaval en Tenerife: tradici\u00f3n, color y d\u00f3nde alojarse para descansar - Caleta Suites","og_description":"Carnaval en Tenerife y d\u00f3nde alojarse para descansar en La Caleta.","og_url":"https:\/\/caletasuitestenerife.com\/es\/que-hacer\/carnaval-en-tenerife-tradicion-color-y-donde-alojarse-para-descansar\/","og_site_name":"Caleta Suites","article_published_time":"2026-02-13T10:27:31+00:00","article_modified_time":"2026-02-13T10:31:44+00:00","og_image":[{"width":1200,"height":900,"url":"https:\/\/caletasuitestenerife.com\/wp-content\/uploads\/2026\/02\/PORTADA-BLOG-1.png","type":"image\/png"}],"author":"Paula Vera","twitter_card":"summary_large_image","twitter_misc":{"Escrito por":"Paula Vera","Tiempo de lectura":"3 minutos"},"schema":{"@context":"https:\/\/schema.org","@graph":[{"@type":"Article","@id":"https:\/\/caletasuitestenerife.com\/es\/que-hacer\/carnaval-en-tenerife-tradicion-color-y-donde-alojarse-para-descansar\/#article","isPartOf":{"@id":"https:\/\/caletasuitestenerife.com\/es\/que-hacer\/carnaval-en-tenerife-tradicion-color-y-donde-alojarse-para-descansar\/"},"author":{"name":"Paula Vera","@id":"https:\/\/caletasuitestenerife.com\/#\/schema\/person\/e66d994c2657d8c1a351ecef58018ca8"},"headline":"Carnaval en Tenerife: tradici\u00f3n, color y d\u00f3nde alojarse para descansar","datePublished":"2026-02-13T10:27:31+00:00","dateModified":"2026-02-13T10:31:44+00:00","mainEntityOfPage":{"@id":"https:\/\/caletasuitestenerife.com\/es\/que-hacer\/carnaval-en-tenerife-tradicion-color-y-donde-alojarse-para-descansar\/"},"wordCount":596,"commentCount":0,"image":{"@id":"https:\/\/caletasuitestenerife.com\/es\/que-hacer\/carnaval-en-tenerife-tradicion-color-y-donde-alojarse-para-descansar\/#primaryimage"},"thumbnailUrl":"https:\/\/caletasuitestenerife.com\/wp-content\/uploads\/2026\/02\/PORTADA-BLOG-1.png","articleSection":["Qu\u00e9 hacer"],"inLanguage":"es","potentialAction":[{"@type":"CommentAction","name":"Comment","target":["https:\/\/caletasuitestenerife.com\/es\/que-hacer\/carnaval-en-tenerife-tradicion-color-y-donde-alojarse-para-descansar\/#respond"]}]},{"@type":"WebPage","@id":"https:\/\/caletasuitestenerife.com\/es\/que-hacer\/carnaval-en-tenerife-tradicion-color-y-donde-alojarse-para-descansar\/","url":"https:\/\/caletasuitestenerife.com\/es\/que-hacer\/carnaval-en-tenerife-tradicion-color-y-donde-alojarse-para-descansar\/","name":"Carnaval en Tenerife: tradici\u00f3n, color y d\u00f3nde alojarse para descansar - Caleta Suites","isPartOf":{"@id":"https:\/\/caletasuitestenerife.com\/#website"},"primaryImageOfPage":{"@id":"https:\/\/caletasuitestenerife.com\/es\/que-hacer\/carnaval-en-tenerife-tradicion-color-y-donde-alojarse-para-descansar\/#primaryimage"},"image":{"@id":"https:\/\/caletasuitestenerife.com\/es\/que-hacer\/carnaval-en-tenerife-tradicion-color-y-donde-alojarse-para-descansar\/#primaryimage"},"thumbnailUrl":"https:\/\/caletasuitestenerife.com\/wp-content\/uploads\/2026\/02\/PORTADA-BLOG-1.png","datePublished":"2026-02-13T10:27:31+00:00","dateModified":"2026-02-13T10:31:44+00:00","author":{"@id":"https:\/\/caletasuitestenerife.com\/#\/schema\/person\/e66d994c2657d8c1a351ecef58018ca8"},"description":"Carnaval en Tenerife y d\u00f3nde alojarse para descansar en La Caleta.","breadcrumb":{"@id":"https:\/\/caletasuitestenerife.com\/es\/que-hacer\/carnaval-en-tenerife-tradicion-color-y-donde-alojarse-para-descansar\/#breadcrumb"},"inLanguage":"es","potentialAction":[{"@type":"ReadAction","target":["https:\/\/caletasuitestenerife.com\/es\/que-hacer\/carnaval-en-tenerife-tradicion-color-y-donde-alojarse-para-descansar\/"]}]},{"@type":"ImageObject","inLanguage":"es","@id":"https:\/\/caletasuitestenerife.com\/es\/que-hacer\/carnaval-en-tenerife-tradicion-color-y-donde-alojarse-para-descansar\/#primaryimage","url":"https:\/\/caletasuitestenerife.com\/wp-content\/uploads\/2026\/02\/PORTADA-BLOG-1.png","contentUrl":"https:\/\/caletasuitestenerife.com\/wp-content\/uploads\/2026\/02\/PORTADA-BLOG-1.png","width":1200,"height":900},{"@type":"BreadcrumbList","@id":"https:\/\/caletasuitestenerife.com\/es\/que-hacer\/carnaval-en-tenerife-tradicion-color-y-donde-alojarse-para-descansar\/#breadcrumb","itemListElement":[{"@type":"ListItem","position":1,"name":"Portada","item":"https:\/\/caletasuitestenerife.com\/es\/"},{"@type":"ListItem","position":2,"name":"Carnaval en Tenerife: tradici\u00f3n, color y d\u00f3nde alojarse para descansar"}]},{"@type":"WebSite","@id":"https:\/\/caletasuitestenerife.com\/#website","url":"https:\/\/caletasuitestenerife.com\/","name":"Caleta Suites","description":"Apartamentos de Lujo","potentialAction":[{"@type":"SearchAction","target":{"@type":"EntryPoint","urlTemplate":"https:\/\/caletasuitestenerife.com\/?s={search_term_string}"},"query-input":{"@type":"PropertyValueSpecification","valueRequired":true,"valueName":"search_term_string"}}],"inLanguage":"es"},{"@type":"Person","@id":"https:\/\/caletasuitestenerife.com\/#\/schema\/person\/e66d994c2657d8c1a351ecef58018ca8","name":"Paula Vera","image":{"@type":"ImageObject","inLanguage":"es","@id":"https:\/\/secure.gravatar.com\/avatar\/3e84a6d9a8258a68ad5a7c56d8c256eaeed31f91e37dac0d3633c2a191c0d251?s=96&d=mm&r=g","url":"https:\/\/secure.gravatar.com\/avatar\/3e84a6d9a8258a68ad5a7c56d8c256eaeed31f91e37dac0d3633c2a191c0d251?s=96&d=mm&r=g","contentUrl":"https:\/\/secure.gravatar.com\/avatar\/3e84a6d9a8258a68ad5a7c56d8c256eaeed31f91e37dac0d3633c2a191c0d251?s=96&d=mm&r=g","caption":"Paula Vera"},"url":"https:\/\/caletasuitestenerife.com\/es\/author\/paulavera\/"}]}},"_links":{"self":[{"href":"https:\/\/caletasuitestenerife.com\/es\/wp-json\/wp\/v2\/posts\/6226","targetHints":{"allow":["GET"]}}],"collection":[{"href":"https:\/\/caletasuitestenerife.com\/es\/wp-json\/wp\/v2\/posts"}],"about":[{"href":"https:\/\/caletasuitestenerife.com\/es\/wp-json\/wp\/v2\/types\/post"}],"author":[{"embeddable":true,"href":"https:\/\/caletasuitestenerife.com\/es\/wp-json\/wp\/v2\/users\/6"}],"replies":[{"embeddable":true,"href":"https:\/\/caletasuitestenerife.com\/es\/wp-json\/wp\/v2\/comments?post=6226"}],"version-history":[{"count":3,"href":"https:\/\/caletasuitestenerife.com\/es\/wp-json\/wp\/v2\/posts\/6226\/revisions"}],"predecessor-version":[{"id":6229,"href":"https:\/\/caletasuitestenerife.com\/es\/wp-json\/wp\/v2\/posts\/6226\/revisions\/6229"}],"wp:featuredmedia":[{"embeddable":true,"href":"https:\/\/caletasuitestenerife.com\/es\/wp-json\/wp\/v2\/media\/6224"}],"wp:attachment":[{"href":"https:\/\/caletasuitestenerife.com\/es\/wp-json\/wp\/v2\/media?parent=6226"}],"wp:term":[{"taxonomy":"category","embeddable":true,"href":"https:\/\/caletasuitestenerife.com\/es\/wp-json\/wp\/v2\/categories?post=6226"},{"taxonomy":"post_tag","embeddable":true,"href":"https:\/\/caletasuitestenerife.com\/es\/wp-json\/wp\/v2\/tags?post=6226"}],"curies":[{"name":"wp","href":"https:\/\/api.w.org\/{rel}","templated":true}]}}