{"id":6289,"date":"2026-03-13T14:47:32","date_gmt":"2026-03-13T13:47:32","guid":{"rendered":"https:\/\/caletasuitestenerife.com\/sin-categoria\/la-caleta-un-refugio-tranquilo-durante-la-semana-santa-en-tenerife-sur\/"},"modified":"2026-03-13T14:52:18","modified_gmt":"2026-03-13T13:52:18","slug":"la-caleta-un-refugio-tranquilo-durante-la-semana-santa-en-tenerife-sur","status":"publish","type":"post","link":"https:\/\/caletasuitestenerife.com\/es\/que-hacer\/la-caleta-un-refugio-tranquilo-durante-la-semana-santa-en-tenerife-sur\/","title":{"rendered":"La Caleta: un refugio tranquilo durante la Semana Santa en Tenerife Sur"},"content":{"rendered":"\n<p><p data-start=\"246\" data-end=\"583\">La <strong data-start=\"249\" data-end=\"281\">Semana Santa en Tenerife Sur<\/strong> es una de las mejores \u00e9pocas del a\u00f1o para descubrir la isla desde una perspectiva diferente. Con temperaturas suaves, d\u00edas m\u00e1s largos y un ambiente a\u00fan lejos del bullicio del verano, muchos viajeros encuentran en estas fechas el momento ideal para disfrutar de unas vacaciones relajadas frente al mar.<\/p><\/p>\n\n<p><p data-start=\"1369\" data-end=\"1660\">En este contexto, <strong data-start=\"603\" data-end=\"616\">La Caleta<\/strong>, en Costa Adeje, se presenta como uno de los lugares m\u00e1s agradables para alojarse durante la Semana Santa. Su car\u00e1cter tranquilo, su cercan\u00eda al oc\u00e9ano y su excelente oferta gastron\u00f3mica la convierten en un enclave perfecto para quienes buscan desconectar y disfrutar del sur de Tenerife con calma.<\/p><\/p>\n\n<h2 class=\"wp-block-heading\"><h2>La Caleta: un refugio tranquilo durante la Semana Santa en Tenerife Sur<\/h2><\/h2>\n\n<p><p data-start=\"993\" data-end=\"1367\">Mientras otros puntos de la isla se llenan de actividad durante estas fechas, <strong data-start=\"1071\" data-end=\"1110\">La Caleta mantiene un ritmo pausado<\/strong> que invita a disfrutar del entorno con tranquilidad. Pasear junto al mar, contemplar el atardecer desde la costa o descubrir sus restaurantes especializados en pescado fresco son algunos de los planes que definen la esencia de este peque\u00f1o enclave costero.<\/p><\/p>\n\n<p><p data-start=\"1369\" data-end=\"1660\">La <strong data-start=\"1372\" data-end=\"1404\">Semana Santa en Tenerife Sur<\/strong> permite combinar perfectamente momentos de descanso con experiencias gastron\u00f3micas y paseos al aire libre. La cercan\u00eda del oc\u00e9ano, el buen clima y la belleza natural del entorno hacen que cada d\u00eda se convierta en una oportunidad para disfrutar sin prisas.<\/p><\/p>\n\n<h2 class=\"wp-block-heading\"><h2>Gastronom\u00eda y lifestyle en Costa Adeje<\/h2><\/h2>\n\n<p><p data-start=\"1705\" data-end=\"1975\">Uno de los grandes atractivos de pasar la <strong data-start=\"1747\" data-end=\"1779\">Semana Santa en Tenerife Sur<\/strong> es su oferta gastron\u00f3mica. En La Caleta y sus alrededores se concentran algunos de los restaurantes m\u00e1s interesantes de Costa Adeje, donde el producto local y el mar tienen un papel protagonista.<\/p><\/p>\n\n<p>Desde restaurantes tradicionales donde degustar pescado fresco hasta propuestas gastron\u00f3micas m\u00e1s sofisticadas, la zona ofrece m\u00faltiples opciones para disfrutar de largas comidas frente al Atl\u00e1ntico.&#13;\n&#13;\nAdem\u00e1s, los caf\u00e9s y espacios de brunch cercanos permiten comenzar el d\u00eda con calma, disfrutando del ambiente relajado que caracteriza a La Caleta. Un desayuno al sol, una caminata por la costa o una tarde contemplando el oc\u00e9ano forman parte de ese estilo de vida pausado que tantos viajeros buscan durante estas fechas.<\/p>\n\n<h2 class=\"wp-block-heading\"><h2>Planes para disfrutar de la Semana Santa en Tenerife Sur<\/h2><\/h2>\n\n<p><p data-start=\"2560\" data-end=\"2858\">M\u00e1s all\u00e1 de la gastronom\u00eda, el entorno de La Caleta ofrece numerosos planes para quienes desean aprovechar la <strong data-start=\"2670\" data-end=\"2702\">Semana Santa en Tenerife Sur<\/strong>. Desde paseos por la costa hasta excursiones por los paisajes volc\u00e1nicos de la isla, el sur de Tenerife combina naturaleza, mar y ocio de una manera \u00fanica.<\/p><\/p>\n\n<p>Tambi\u00e9n es una \u00e9poca ideal para disfrutar de spas, rooftops con vistas al atardecer o peque\u00f1as escapadas por los pueblos cercanos, siempre con la ventaja de regresar despu\u00e9s a un entorno tranquilo junto al oc\u00e9ano.<\/p>\n\n<h2 class=\"wp-block-heading\"><h2>Caleta Suites: la base perfecta para descubrir el sur de Tenerife<\/h2><\/h2>\n\n<p><p data-start=\"3145\" data-end=\"3451\">Para quienes buscan una estancia c\u00f3moda y relajada durante la <strong data-start=\"3207\" data-end=\"3239\">Semana Santa en Tenerife Sur<\/strong>, <strong data-start=\"3241\" data-end=\"3258\">Caleta Suites<\/strong> ofrece una experiencia pensada para disfrutar sin prisas. Sus apartamentos amplios, luminosos y cuidadosamente dise\u00f1ados permiten vivir unos d\u00edas de descanso en un entorno elegante y acogedor.<\/p><p data-start=\"3453\" data-end=\"3661\">Situado en el coraz\u00f3n de La Caleta, Caleta Suites permite acceder f\u00e1cilmente a restaurantes, paseos mar\u00edtimos y planes gastron\u00f3micos sin renunciar a la tranquilidad que caracteriza a esta zona de Costa Adeje.<\/p><\/p>\n\n<p><p data-start=\"3663\" data-end=\"3847\">Si est\u00e1s pensando en viajar durante la <strong data-start=\"3702\" data-end=\"3734\">Semana Santa en Tenerife Sur<\/strong>, alojarte en Caleta Suites es una forma perfecta de combinar descanso, gastronom\u00eda y experiencias frente al mar. <\/p><p data-start=\"3663\" data-end=\"3847\">Y si quieres descubrir m\u00e1s planes, restaurantes y experiencias cerca de La Caleta, te invitamos a seguir explorando nuestro blog.<\/p><\/p>\n\n<p><\/p>\n","protected":false},"excerpt":{"rendered":"<p>La Semana Santa en Tenerife Sur es una de las mejores \u00e9pocas del a\u00f1o para descubrir la isla desde una perspectiva diferente. Con temperaturas suaves, d\u00edas m\u00e1s largos y un ambiente a\u00fan lejos del bullicio del verano, muchos viajeros encuentran en estas fechas el momento ideal para disfrutar de unas vacaciones relajadas frente al mar. [&hellip;]<\/p>\n","protected":false},"author":6,"featured_media":6287,"comment_status":"open","ping_status":"open","sticky":false,"template":"","format":"standard","meta":{"footnotes":""},"categories":[20],"tags":[],"class_list":["post-6289","post","type-post","status-publish","format-standard","has-post-thumbnail","hentry","category-que-hacer"],"yoast_head":"<!-- This site is optimized with the Yoast SEO plugin v27.5 - https:\/\/yoast.com\/product\/yoast-seo-wordpress\/ -->\n<title>La Caleta: un refugio tranquilo durante la Semana Santa en Tenerife Sur - Caleta Suites<\/title>\n<meta name=\"description\" content=\"La Semana Santa en Tenerife Sur permite combinar perfectamente momentos de descanso con experiencias gastron\u00f3micas y paseos al aire libre.\" \/>\n<meta name=\"robots\" content=\"index, follow, max-snippet:-1, max-image-preview:large, max-video-preview:-1\" \/>\n<link rel=\"canonical\" href=\"https:\/\/caletasuitestenerife.com\/es\/que-hacer\/la-caleta-un-refugio-tranquilo-durante-la-semana-santa-en-tenerife-sur\/\" \/>\n<meta property=\"og:locale\" content=\"es_ES\" \/>\n<meta property=\"og:type\" content=\"article\" \/>\n<meta property=\"og:title\" content=\"La Caleta: un refugio tranquilo durante la Semana Santa en Tenerife Sur - Caleta Suites\" \/>\n<meta property=\"og:description\" content=\"La Semana Santa en Tenerife Sur permite combinar perfectamente momentos de descanso con experiencias gastron\u00f3micas y paseos al aire libre.\" \/>\n<meta property=\"og:url\" content=\"https:\/\/caletasuitestenerife.com\/es\/que-hacer\/la-caleta-un-refugio-tranquilo-durante-la-semana-santa-en-tenerife-sur\/\" \/>\n<meta property=\"og:site_name\" content=\"Caleta Suites\" \/>\n<meta property=\"article:published_time\" content=\"2026-03-13T13:47:32+00:00\" \/>\n<meta property=\"article:modified_time\" content=\"2026-03-13T13:52:18+00:00\" \/>\n<meta property=\"og:image\" content=\"https:\/\/caletasuitestenerife.com\/wp-content\/uploads\/2026\/03\/PORTADA-BLOG.png\" \/>\n\t<meta property=\"og:image:width\" content=\"1200\" \/>\n\t<meta property=\"og:image:height\" content=\"900\" \/>\n\t<meta property=\"og:image:type\" content=\"image\/png\" \/>\n<meta name=\"author\" content=\"Paula Vera\" \/>\n<meta name=\"twitter:card\" content=\"summary_large_image\" \/>\n<meta name=\"twitter:label1\" content=\"Escrito por\" \/>\n\t<meta name=\"twitter:data1\" content=\"Paula Vera\" \/>\n\t<meta name=\"twitter:label2\" content=\"Tiempo de lectura\" \/>\n\t<meta name=\"twitter:data2\" content=\"3 minutos\" \/>\n<script type=\"application\/ld+json\" class=\"yoast-schema-graph\">{\"@context\":\"https:\\\/\\\/schema.org\",\"@graph\":[{\"@type\":\"Article\",\"@id\":\"https:\\\/\\\/caletasuitestenerife.com\\\/es\\\/que-hacer\\\/la-caleta-un-refugio-tranquilo-durante-la-semana-santa-en-tenerife-sur\\\/#article\",\"isPartOf\":{\"@id\":\"https:\\\/\\\/caletasuitestenerife.com\\\/es\\\/que-hacer\\\/la-caleta-un-refugio-tranquilo-durante-la-semana-santa-en-tenerife-sur\\\/\"},\"author\":{\"name\":\"Paula Vera\",\"@id\":\"https:\\\/\\\/caletasuitestenerife.com\\\/#\\\/schema\\\/person\\\/e66d994c2657d8c1a351ecef58018ca8\"},\"headline\":\"La Caleta: un refugio tranquilo durante la Semana Santa en Tenerife Sur\",\"datePublished\":\"2026-03-13T13:47:32+00:00\",\"dateModified\":\"2026-03-13T13:52:18+00:00\",\"mainEntityOfPage\":{\"@id\":\"https:\\\/\\\/caletasuitestenerife.com\\\/es\\\/que-hacer\\\/la-caleta-un-refugio-tranquilo-durante-la-semana-santa-en-tenerife-sur\\\/\"},\"wordCount\":639,\"commentCount\":0,\"image\":{\"@id\":\"https:\\\/\\\/caletasuitestenerife.com\\\/es\\\/que-hacer\\\/la-caleta-un-refugio-tranquilo-durante-la-semana-santa-en-tenerife-sur\\\/#primaryimage\"},\"thumbnailUrl\":\"https:\\\/\\\/caletasuitestenerife.com\\\/wp-content\\\/uploads\\\/2026\\\/03\\\/PORTADA-BLOG.png\",\"articleSection\":[\"Qu\u00e9 hacer\"],\"inLanguage\":\"es\",\"potentialAction\":[{\"@type\":\"CommentAction\",\"name\":\"Comment\",\"target\":[\"https:\\\/\\\/caletasuitestenerife.com\\\/es\\\/que-hacer\\\/la-caleta-un-refugio-tranquilo-durante-la-semana-santa-en-tenerife-sur\\\/#respond\"]}]},{\"@type\":\"WebPage\",\"@id\":\"https:\\\/\\\/caletasuitestenerife.com\\\/es\\\/que-hacer\\\/la-caleta-un-refugio-tranquilo-durante-la-semana-santa-en-tenerife-sur\\\/\",\"url\":\"https:\\\/\\\/caletasuitestenerife.com\\\/es\\\/que-hacer\\\/la-caleta-un-refugio-tranquilo-durante-la-semana-santa-en-tenerife-sur\\\/\",\"name\":\"La Caleta: un refugio tranquilo durante la Semana Santa en Tenerife Sur - Caleta Suites\",\"isPartOf\":{\"@id\":\"https:\\\/\\\/caletasuitestenerife.com\\\/#website\"},\"primaryImageOfPage\":{\"@id\":\"https:\\\/\\\/caletasuitestenerife.com\\\/es\\\/que-hacer\\\/la-caleta-un-refugio-tranquilo-durante-la-semana-santa-en-tenerife-sur\\\/#primaryimage\"},\"image\":{\"@id\":\"https:\\\/\\\/caletasuitestenerife.com\\\/es\\\/que-hacer\\\/la-caleta-un-refugio-tranquilo-durante-la-semana-santa-en-tenerife-sur\\\/#primaryimage\"},\"thumbnailUrl\":\"https:\\\/\\\/caletasuitestenerife.com\\\/wp-content\\\/uploads\\\/2026\\\/03\\\/PORTADA-BLOG.png\",\"datePublished\":\"2026-03-13T13:47:32+00:00\",\"dateModified\":\"2026-03-13T13:52:18+00:00\",\"author\":{\"@id\":\"https:\\\/\\\/caletasuitestenerife.com\\\/#\\\/schema\\\/person\\\/e66d994c2657d8c1a351ecef58018ca8\"},\"description\":\"La Semana Santa en Tenerife Sur permite combinar perfectamente momentos de descanso con experiencias gastron\u00f3micas y paseos al aire libre.\",\"breadcrumb\":{\"@id\":\"https:\\\/\\\/caletasuitestenerife.com\\\/es\\\/que-hacer\\\/la-caleta-un-refugio-tranquilo-durante-la-semana-santa-en-tenerife-sur\\\/#breadcrumb\"},\"inLanguage\":\"es\",\"potentialAction\":[{\"@type\":\"ReadAction\",\"target\":[\"https:\\\/\\\/caletasuitestenerife.com\\\/es\\\/que-hacer\\\/la-caleta-un-refugio-tranquilo-durante-la-semana-santa-en-tenerife-sur\\\/\"]}]},{\"@type\":\"ImageObject\",\"inLanguage\":\"es\",\"@id\":\"https:\\\/\\\/caletasuitestenerife.com\\\/es\\\/que-hacer\\\/la-caleta-un-refugio-tranquilo-durante-la-semana-santa-en-tenerife-sur\\\/#primaryimage\",\"url\":\"https:\\\/\\\/caletasuitestenerife.com\\\/wp-content\\\/uploads\\\/2026\\\/03\\\/PORTADA-BLOG.png\",\"contentUrl\":\"https:\\\/\\\/caletasuitestenerife.com\\\/wp-content\\\/uploads\\\/2026\\\/03\\\/PORTADA-BLOG.png\",\"width\":1200,\"height\":900},{\"@type\":\"BreadcrumbList\",\"@id\":\"https:\\\/\\\/caletasuitestenerife.com\\\/es\\\/que-hacer\\\/la-caleta-un-refugio-tranquilo-durante-la-semana-santa-en-tenerife-sur\\\/#breadcrumb\",\"itemListElement\":[{\"@type\":\"ListItem\",\"position\":1,\"name\":\"Portada\",\"item\":\"https:\\\/\\\/caletasuitestenerife.com\\\/es\\\/\"},{\"@type\":\"ListItem\",\"position\":2,\"name\":\"La Caleta: un refugio tranquilo durante la Semana Santa en Tenerife Sur\"}]},{\"@type\":\"WebSite\",\"@id\":\"https:\\\/\\\/caletasuitestenerife.com\\\/#website\",\"url\":\"https:\\\/\\\/caletasuitestenerife.com\\\/\",\"name\":\"Caleta Suites\",\"description\":\"Apartamentos de Lujo\",\"potentialAction\":[{\"@type\":\"SearchAction\",\"target\":{\"@type\":\"EntryPoint\",\"urlTemplate\":\"https:\\\/\\\/caletasuitestenerife.com\\\/?s={search_term_string}\"},\"query-input\":{\"@type\":\"PropertyValueSpecification\",\"valueRequired\":true,\"valueName\":\"search_term_string\"}}],\"inLanguage\":\"es\"},{\"@type\":\"Person\",\"@id\":\"https:\\\/\\\/caletasuitestenerife.com\\\/#\\\/schema\\\/person\\\/e66d994c2657d8c1a351ecef58018ca8\",\"name\":\"Paula Vera\",\"image\":{\"@type\":\"ImageObject\",\"inLanguage\":\"es\",\"@id\":\"https:\\\/\\\/secure.gravatar.com\\\/avatar\\\/3e84a6d9a8258a68ad5a7c56d8c256eaeed31f91e37dac0d3633c2a191c0d251?s=96&d=mm&r=g\",\"url\":\"https:\\\/\\\/secure.gravatar.com\\\/avatar\\\/3e84a6d9a8258a68ad5a7c56d8c256eaeed31f91e37dac0d3633c2a191c0d251?s=96&d=mm&r=g\",\"contentUrl\":\"https:\\\/\\\/secure.gravatar.com\\\/avatar\\\/3e84a6d9a8258a68ad5a7c56d8c256eaeed31f91e37dac0d3633c2a191c0d251?s=96&d=mm&r=g\",\"caption\":\"Paula Vera\"},\"url\":\"https:\\\/\\\/caletasuitestenerife.com\\\/es\\\/author\\\/paulavera\\\/\"}]}<\/script>\n<!-- \/ Yoast SEO plugin. -->","yoast_head_json":{"title":"La Caleta: un refugio tranquilo durante la Semana Santa en Tenerife Sur - Caleta Suites","description":"La Semana Santa en Tenerife Sur permite combinar perfectamente momentos de descanso con experiencias gastron\u00f3micas y paseos al aire libre.","robots":{"index":"index","follow":"follow","max-snippet":"max-snippet:-1","max-image-preview":"max-image-preview:large","max-video-preview":"max-video-preview:-1"},"canonical":"https:\/\/caletasuitestenerife.com\/es\/que-hacer\/la-caleta-un-refugio-tranquilo-durante-la-semana-santa-en-tenerife-sur\/","og_locale":"es_ES","og_type":"article","og_title":"La Caleta: un refugio tranquilo durante la Semana Santa en Tenerife Sur - Caleta Suites","og_description":"La Semana Santa en Tenerife Sur permite combinar perfectamente momentos de descanso con experiencias gastron\u00f3micas y paseos al aire libre.","og_url":"https:\/\/caletasuitestenerife.com\/es\/que-hacer\/la-caleta-un-refugio-tranquilo-durante-la-semana-santa-en-tenerife-sur\/","og_site_name":"Caleta Suites","article_published_time":"2026-03-13T13:47:32+00:00","article_modified_time":"2026-03-13T13:52:18+00:00","og_image":[{"width":1200,"height":900,"url":"https:\/\/caletasuitestenerife.com\/wp-content\/uploads\/2026\/03\/PORTADA-BLOG.png","type":"image\/png"}],"author":"Paula Vera","twitter_card":"summary_large_image","twitter_misc":{"Escrito por":"Paula Vera","Tiempo de lectura":"3 minutos"},"schema":{"@context":"https:\/\/schema.org","@graph":[{"@type":"Article","@id":"https:\/\/caletasuitestenerife.com\/es\/que-hacer\/la-caleta-un-refugio-tranquilo-durante-la-semana-santa-en-tenerife-sur\/#article","isPartOf":{"@id":"https:\/\/caletasuitestenerife.com\/es\/que-hacer\/la-caleta-un-refugio-tranquilo-durante-la-semana-santa-en-tenerife-sur\/"},"author":{"name":"Paula Vera","@id":"https:\/\/caletasuitestenerife.com\/#\/schema\/person\/e66d994c2657d8c1a351ecef58018ca8"},"headline":"La Caleta: un refugio tranquilo durante la Semana Santa en Tenerife Sur","datePublished":"2026-03-13T13:47:32+00:00","dateModified":"2026-03-13T13:52:18+00:00","mainEntityOfPage":{"@id":"https:\/\/caletasuitestenerife.com\/es\/que-hacer\/la-caleta-un-refugio-tranquilo-durante-la-semana-santa-en-tenerife-sur\/"},"wordCount":639,"commentCount":0,"image":{"@id":"https:\/\/caletasuitestenerife.com\/es\/que-hacer\/la-caleta-un-refugio-tranquilo-durante-la-semana-santa-en-tenerife-sur\/#primaryimage"},"thumbnailUrl":"https:\/\/caletasuitestenerife.com\/wp-content\/uploads\/2026\/03\/PORTADA-BLOG.png","articleSection":["Qu\u00e9 hacer"],"inLanguage":"es","potentialAction":[{"@type":"CommentAction","name":"Comment","target":["https:\/\/caletasuitestenerife.com\/es\/que-hacer\/la-caleta-un-refugio-tranquilo-durante-la-semana-santa-en-tenerife-sur\/#respond"]}]},{"@type":"WebPage","@id":"https:\/\/caletasuitestenerife.com\/es\/que-hacer\/la-caleta-un-refugio-tranquilo-durante-la-semana-santa-en-tenerife-sur\/","url":"https:\/\/caletasuitestenerife.com\/es\/que-hacer\/la-caleta-un-refugio-tranquilo-durante-la-semana-santa-en-tenerife-sur\/","name":"La Caleta: un refugio tranquilo durante la Semana Santa en Tenerife Sur - Caleta Suites","isPartOf":{"@id":"https:\/\/caletasuitestenerife.com\/#website"},"primaryImageOfPage":{"@id":"https:\/\/caletasuitestenerife.com\/es\/que-hacer\/la-caleta-un-refugio-tranquilo-durante-la-semana-santa-en-tenerife-sur\/#primaryimage"},"image":{"@id":"https:\/\/caletasuitestenerife.com\/es\/que-hacer\/la-caleta-un-refugio-tranquilo-durante-la-semana-santa-en-tenerife-sur\/#primaryimage"},"thumbnailUrl":"https:\/\/caletasuitestenerife.com\/wp-content\/uploads\/2026\/03\/PORTADA-BLOG.png","datePublished":"2026-03-13T13:47:32+00:00","dateModified":"2026-03-13T13:52:18+00:00","author":{"@id":"https:\/\/caletasuitestenerife.com\/#\/schema\/person\/e66d994c2657d8c1a351ecef58018ca8"},"description":"La Semana Santa en Tenerife Sur permite combinar perfectamente momentos de descanso con experiencias gastron\u00f3micas y paseos al aire libre.","breadcrumb":{"@id":"https:\/\/caletasuitestenerife.com\/es\/que-hacer\/la-caleta-un-refugio-tranquilo-durante-la-semana-santa-en-tenerife-sur\/#breadcrumb"},"inLanguage":"es","potentialAction":[{"@type":"ReadAction","target":["https:\/\/caletasuitestenerife.com\/es\/que-hacer\/la-caleta-un-refugio-tranquilo-durante-la-semana-santa-en-tenerife-sur\/"]}]},{"@type":"ImageObject","inLanguage":"es","@id":"https:\/\/caletasuitestenerife.com\/es\/que-hacer\/la-caleta-un-refugio-tranquilo-durante-la-semana-santa-en-tenerife-sur\/#primaryimage","url":"https:\/\/caletasuitestenerife.com\/wp-content\/uploads\/2026\/03\/PORTADA-BLOG.png","contentUrl":"https:\/\/caletasuitestenerife.com\/wp-content\/uploads\/2026\/03\/PORTADA-BLOG.png","width":1200,"height":900},{"@type":"BreadcrumbList","@id":"https:\/\/caletasuitestenerife.com\/es\/que-hacer\/la-caleta-un-refugio-tranquilo-durante-la-semana-santa-en-tenerife-sur\/#breadcrumb","itemListElement":[{"@type":"ListItem","position":1,"name":"Portada","item":"https:\/\/caletasuitestenerife.com\/es\/"},{"@type":"ListItem","position":2,"name":"La Caleta: un refugio tranquilo durante la Semana Santa en Tenerife Sur"}]},{"@type":"WebSite","@id":"https:\/\/caletasuitestenerife.com\/#website","url":"https:\/\/caletasuitestenerife.com\/","name":"Caleta Suites","description":"Apartamentos de Lujo","potentialAction":[{"@type":"SearchAction","target":{"@type":"EntryPoint","urlTemplate":"https:\/\/caletasuitestenerife.com\/?s={search_term_string}"},"query-input":{"@type":"PropertyValueSpecification","valueRequired":true,"valueName":"search_term_string"}}],"inLanguage":"es"},{"@type":"Person","@id":"https:\/\/caletasuitestenerife.com\/#\/schema\/person\/e66d994c2657d8c1a351ecef58018ca8","name":"Paula Vera","image":{"@type":"ImageObject","inLanguage":"es","@id":"https:\/\/secure.gravatar.com\/avatar\/3e84a6d9a8258a68ad5a7c56d8c256eaeed31f91e37dac0d3633c2a191c0d251?s=96&d=mm&r=g","url":"https:\/\/secure.gravatar.com\/avatar\/3e84a6d9a8258a68ad5a7c56d8c256eaeed31f91e37dac0d3633c2a191c0d251?s=96&d=mm&r=g","contentUrl":"https:\/\/secure.gravatar.com\/avatar\/3e84a6d9a8258a68ad5a7c56d8c256eaeed31f91e37dac0d3633c2a191c0d251?s=96&d=mm&r=g","caption":"Paula Vera"},"url":"https:\/\/caletasuitestenerife.com\/es\/author\/paulavera\/"}]}},"_links":{"self":[{"href":"https:\/\/caletasuitestenerife.com\/es\/wp-json\/wp\/v2\/posts\/6289","targetHints":{"allow":["GET"]}}],"collection":[{"href":"https:\/\/caletasuitestenerife.com\/es\/wp-json\/wp\/v2\/posts"}],"about":[{"href":"https:\/\/caletasuitestenerife.com\/es\/wp-json\/wp\/v2\/types\/post"}],"author":[{"embeddable":true,"href":"https:\/\/caletasuitestenerife.com\/es\/wp-json\/wp\/v2\/users\/6"}],"replies":[{"embeddable":true,"href":"https:\/\/caletasuitestenerife.com\/es\/wp-json\/wp\/v2\/comments?post=6289"}],"version-history":[{"count":3,"href":"https:\/\/caletasuitestenerife.com\/es\/wp-json\/wp\/v2\/posts\/6289\/revisions"}],"predecessor-version":[{"id":6292,"href":"https:\/\/caletasuitestenerife.com\/es\/wp-json\/wp\/v2\/posts\/6289\/revisions\/6292"}],"wp:featuredmedia":[{"embeddable":true,"href":"https:\/\/caletasuitestenerife.com\/es\/wp-json\/wp\/v2\/media\/6287"}],"wp:attachment":[{"href":"https:\/\/caletasuitestenerife.com\/es\/wp-json\/wp\/v2\/media?parent=6289"}],"wp:term":[{"taxonomy":"category","embeddable":true,"href":"https:\/\/caletasuitestenerife.com\/es\/wp-json\/wp\/v2\/categories?post=6289"},{"taxonomy":"post_tag","embeddable":true,"href":"https:\/\/caletasuitestenerife.com\/es\/wp-json\/wp\/v2\/tags?post=6289"}],"curies":[{"name":"wp","href":"https:\/\/api.w.org\/{rel}","templated":true}]}}