{"id":6783,"date":"2026-08-20T11:17:38","date_gmt":"2026-08-20T09:17:38","guid":{"rendered":"https:\/\/caletasuitestenerife.com\/sin-categoria\/fiestas-en-adeje-y-tenerife-sur-tradicion-cerca-de-la-caleta\/"},"modified":"2026-08-20T11:29:45","modified_gmt":"2026-08-20T09:29:45","slug":"fiestas-en-adeje-y-tenerife-sur-tradicion-cerca-de-la-caleta","status":"publish","type":"post","link":"https:\/\/caletasuitestenerife.com\/es\/que-hacer\/fiestas-en-adeje-y-tenerife-sur-tradicion-cerca-de-la-caleta\/","title":{"rendered":"Fiestas en Adeje y Tenerife Sur: tradici\u00f3n cerca de La Caleta"},"content":{"rendered":"\n<p class=\"wp-block-paragraph\"><span style=\"font-weight: 400;\">Las <\/span><b>fiestas en Adeje<\/b><span style=\"font-weight: 400;\"> y en otros municipios del sur de Tenerife son una forma diferente de descubrir la isla. M\u00e1s all\u00e1 de las playas, el buen clima y la gastronom\u00eda frente al mar, el sur conserva una agenda cultural muy vinculada a sus barrios, a sus patronos, a la m\u00fasica popular y a las tradiciones canarias.<\/span><\/p>\n\n<p class=\"wp-block-paragraph\">Para quienes se alojan en Caleta Suites, estas celebraciones son una oportunidad perfecta para conocer el lado m\u00e1s local de Tenerife. Desde La Caleta resulta sencillo acercarse a diferentes pueblos y n\u00facleos del sur, donde entre agosto, septiembre y octubre se celebran fiestas patronales, romer\u00edas, procesiones, conciertos, verbenas y encuentros vecinales.<\/p>\n\n<h2 class=\"wp-block-heading\"><b>Agosto: fiestas de barrio y ambiente de verano<\/b><\/h2>\n\n<p class=\"wp-block-paragraph\">El final de agosto todav\u00eda mantiene vivo el ambiente festivo en el sur de la isla. En Adeje, las Fiestas de La Hoya Grande, en honor a Nuestra Se\u00f1ora la Virgen de La Milagrosa, re\u00fanen durante varios d\u00edas actividades populares, m\u00fasica y actos religiosos en un entorno de barrio. Son una buena forma de acercarse a una celebraci\u00f3n cercana, familiar y muy vinculada a la vida local.&#13;\n<\/p>\n\n<p class=\"wp-block-paragraph\">Tambi\u00e9n en agosto, Arona celebra las Fiestas en Honor a San Casiano en Las Galletas, un n\u00facleo costero del sur donde tradici\u00f3n religiosa y ambiente popular conviven con conciertos, bailes y actividades para vecinos y visitantes. Muy cerca, Los Cristianos celebra sus fiestas en honor a Nuestra Se\u00f1ora del Carmen, una advocaci\u00f3n especialmente ligada al mar y a los pueblos pesqueros.&#13;\n<\/p>\n\n<p class=\"wp-block-paragraph\">En el interior, Vilaflor de Chasna vive sus Fiestas Patronales en honor a San Roque y San Agust\u00edn, una cita que permite descubrir otro paisaje del sur de Tenerife: median\u00edas, pinos, gastronom\u00eda de interior y un ambiente mucho m\u00e1s rural.&#13;\n<\/p>\n\n<h2 class=\"wp-block-heading\"><h2><b>Septiembre: romer\u00edas, m\u00fasica y cultura popular<\/b><\/h2><\/h2>\n\n<p class=\"wp-block-paragraph\">Septiembre es un mes perfecto para disfrutar de Tenerife con m\u00e1s calma. En el sur, las temperaturas siguen siendo agradables y los municipios mantienen una agenda activa de fiestas y tradiciones.&#13;\n<\/p>\n\n<p class=\"wp-block-paragraph\">En San Miguel de Abona, las fiestas en honor a San Miguel Arc\u00e1ngel son una de las celebraciones m\u00e1s destacadas. La programaci\u00f3n suele combinar actos religiosos, m\u00fasica, actividades populares y romer\u00eda, con trajes tradicionales, folclore y gastronom\u00eda local.<\/p>\n\n<p class=\"wp-block-paragraph\">Gu\u00eda de Isora tambi\u00e9n celebra en septiembre sus fiestas patronales, una cita que une devoci\u00f3n, cultura y vida comunitaria. Para quienes buscan una experiencia m\u00e1s aut\u00e9ntica, alejada de los circuitos m\u00e1s tur\u00edsticos, este tipo de celebraciones permite conocer c\u00f3mo se vive la tradici\u00f3n en los pueblos del sur de Tenerife.&#13;\n<\/p>\n\n<p class=\"wp-block-paragraph\">Adem\u00e1s, algunas fiestas iniciadas a finales de agosto, como las de Los Cristianos, se prolongan durante los primeros d\u00edas de septiembre, ampliando las opciones para quienes visitan la isla en esta \u00e9poca.&#13;\n<\/p>\n\n<h2 class=\"wp-block-heading\"><h2><b>Octubre: las Fiestas Patronales de Adeje<\/b><\/h2><\/h2>\n\n<p class=\"wp-block-paragraph\">Octubre es uno de los momentos m\u00e1s especiales para hablar de fiestas en Adeje. Las Fiestas Patronales de Adeje son una de las grandes citas del municipio y combinan actos religiosos, procesiones, m\u00fasica, actividades infantiles, propuestas gastron\u00f3micas y encuentros populares.&#13;\n<\/p>\n\n<p class=\"wp-block-paragraph\">Uno de los momentos m\u00e1s representativos es la Romer\u00eda de Adeje, donde el casco hist\u00f3rico se llena de carretas, trajes tradicionales, m\u00fasica canaria y productos de la tierra. Es una celebraci\u00f3n que conecta con la identidad del municipio y muestra una parte muy importante de la cultura local.&#13;\n<\/p>\n\n<p class=\"wp-block-paragraph\">Para los visitantes, estas fiestas son una forma de descubrir Adeje m\u00e1s all\u00e1 de la costa: su historia, sus barrios, sus tradiciones y su car\u00e1cter acogedor.&#13;\n<\/p>\n\n<h2 class=\"wp-block-heading\"><h2><b>Caleta Suites: descanso junto al mar y cultura a pocos minutos<\/b><\/h2><\/h2>\n\n<p class=\"wp-block-paragraph\">Alojarse en Caleta Suites permite disfrutar de lo mejor de ambos mundos. Por un lado, la calma de La Caleta, el mar, la gastronom\u00eda y el descanso en un entorno cuidado. Por otro, la posibilidad de acercarse f\u00e1cilmente a fiestas tradicionales, pueblos con historia y celebraciones populares del sur de Tenerife.&#13;\n<\/p>\n\n<p class=\"wp-block-paragraph\">Despu\u00e9s de una ma\u00f1ana frente al oc\u00e9ano o una tarde descubriendo una romer\u00eda, regresar a Caleta Suites es volver a un espacio de tranquilidad. Una forma de vivir Tenerife a tu ritmo, combinando desconexi\u00f3n, cultura local y peque\u00f1os planes que hacen que cada estancia sea diferente.&#13;\n<\/p>\n\n<p class=\"wp-block-paragraph\"><span style=\"font-weight: 400;\">Para descubrir m\u00e1s planes, rutas y experiencias cerca de La Caleta, <a href=\"https:\/\/caletasuitestenerife.com\/es\/la-caleta\/\">visita nuestro blog<\/a> y sigue explorando Tenerife durante tu estancia en Caleta Suites.<\/span><\/p>\n","protected":false},"excerpt":{"rendered":"<p>Las fiestas en Adeje y en otros municipios del sur de Tenerife son una forma diferente de descubrir la isla. M\u00e1s all\u00e1 de las playas, el buen clima y la gastronom\u00eda frente al mar, el sur conserva una agenda cultural muy vinculada a sus barrios, a sus patronos, a la m\u00fasica popular y a las [&hellip;]<\/p>\n","protected":false},"author":6,"featured_media":6780,"comment_status":"open","ping_status":"open","sticky":false,"template":"","format":"standard","meta":{"footnotes":""},"categories":[20],"tags":[],"class_list":["post-6783","post","type-post","status-publish","format-standard","has-post-thumbnail","hentry","category-que-hacer"],"yoast_head":"<!-- This site is optimized with the Yoast SEO plugin v28.3 - https:\/\/yoast.com\/product\/yoast-seo-wordpress\/ -->\n<title>Fiestas en Adeje y Tenerife Sur: tradici\u00f3n cerca de La Caleta - Caleta Suites<\/title>\n<meta name=\"description\" content=\"Descubre fiestas en Adeje y Tenerife Sur entre agosto, septiembre y octubre, con tradici\u00f3n, romer\u00edas y cultura cerca de La Caleta.\" \/>\n<meta name=\"robots\" content=\"index, follow, max-snippet:-1, max-image-preview:large, max-video-preview:-1\" \/>\n<link rel=\"canonical\" href=\"https:\/\/caletasuitestenerife.com\/es\/que-hacer\/fiestas-en-adeje-y-tenerife-sur-tradicion-cerca-de-la-caleta\/\" \/>\n<meta property=\"og:locale\" content=\"es_ES\" \/>\n<meta property=\"og:type\" content=\"article\" \/>\n<meta property=\"og:title\" content=\"Fiestas en Adeje y Tenerife Sur: tradici\u00f3n cerca de La Caleta - Caleta Suites\" \/>\n<meta property=\"og:description\" content=\"Descubre fiestas en Adeje y Tenerife Sur entre agosto, septiembre y octubre, con tradici\u00f3n, romer\u00edas y cultura cerca de La Caleta.\" \/>\n<meta property=\"og:url\" content=\"https:\/\/caletasuitestenerife.com\/es\/que-hacer\/fiestas-en-adeje-y-tenerife-sur-tradicion-cerca-de-la-caleta\/\" \/>\n<meta property=\"og:site_name\" content=\"Caleta Suites\" \/>\n<meta property=\"article:published_time\" content=\"2026-08-20T09:17:38+00:00\" \/>\n<meta property=\"article:modified_time\" content=\"2026-08-20T09:29:45+00:00\" \/>\n<meta property=\"og:image\" content=\"https:\/\/caletasuitestenerife.com\/wp-content\/uploads\/2026\/08\/caleta-suites-tenerife-1.png\" \/>\n\t<meta property=\"og:image:width\" content=\"1200\" \/>\n\t<meta property=\"og:image:height\" content=\"900\" \/>\n\t<meta property=\"og:image:type\" content=\"image\/png\" \/>\n<meta name=\"author\" content=\"Paula Vera\" \/>\n<meta name=\"twitter:card\" content=\"summary_large_image\" \/>\n<meta name=\"twitter:label1\" content=\"Escrito por\" \/>\n\t<meta name=\"twitter:data1\" content=\"Paula Vera\" \/>\n\t<meta name=\"twitter:label2\" content=\"Tiempo de lectura\" \/>\n\t<meta name=\"twitter:data2\" content=\"4 minutos\" \/>\n<script type=\"application\/ld+json\" class=\"yoast-schema-graph\">{\"@context\":\"https:\\\/\\\/schema.org\",\"@graph\":[{\"@type\":\"Article\",\"@id\":\"https:\\\/\\\/caletasuitestenerife.com\\\/es\\\/que-hacer\\\/fiestas-en-adeje-y-tenerife-sur-tradicion-cerca-de-la-caleta\\\/#article\",\"isPartOf\":{\"@id\":\"https:\\\/\\\/caletasuitestenerife.com\\\/es\\\/que-hacer\\\/fiestas-en-adeje-y-tenerife-sur-tradicion-cerca-de-la-caleta\\\/\"},\"author\":{\"name\":\"Paula Vera\",\"@id\":\"https:\\\/\\\/caletasuitestenerife.com\\\/#\\\/schema\\\/person\\\/e66d994c2657d8c1a351ecef58018ca8\"},\"headline\":\"Fiestas en Adeje y Tenerife Sur: tradici\u00f3n cerca de La Caleta\",\"datePublished\":\"2026-08-20T09:17:38+00:00\",\"dateModified\":\"2026-08-20T09:29:45+00:00\",\"mainEntityOfPage\":{\"@id\":\"https:\\\/\\\/caletasuitestenerife.com\\\/es\\\/que-hacer\\\/fiestas-en-adeje-y-tenerife-sur-tradicion-cerca-de-la-caleta\\\/\"},\"wordCount\":765,\"commentCount\":0,\"image\":{\"@id\":\"https:\\\/\\\/caletasuitestenerife.com\\\/es\\\/que-hacer\\\/fiestas-en-adeje-y-tenerife-sur-tradicion-cerca-de-la-caleta\\\/#primaryimage\"},\"thumbnailUrl\":\"https:\\\/\\\/caletasuitestenerife.com\\\/wp-content\\\/uploads\\\/2026\\\/08\\\/caleta-suites-tenerife-1.png\",\"articleSection\":[\"Qu\u00e9 hacer\"],\"inLanguage\":\"es\",\"potentialAction\":[{\"@type\":\"CommentAction\",\"name\":\"Comment\",\"target\":[\"https:\\\/\\\/caletasuitestenerife.com\\\/es\\\/que-hacer\\\/fiestas-en-adeje-y-tenerife-sur-tradicion-cerca-de-la-caleta\\\/#respond\"]}]},{\"@type\":\"WebPage\",\"@id\":\"https:\\\/\\\/caletasuitestenerife.com\\\/es\\\/que-hacer\\\/fiestas-en-adeje-y-tenerife-sur-tradicion-cerca-de-la-caleta\\\/\",\"url\":\"https:\\\/\\\/caletasuitestenerife.com\\\/es\\\/que-hacer\\\/fiestas-en-adeje-y-tenerife-sur-tradicion-cerca-de-la-caleta\\\/\",\"name\":\"Fiestas en Adeje y Tenerife Sur: tradici\u00f3n cerca de La Caleta - Caleta Suites\",\"isPartOf\":{\"@id\":\"https:\\\/\\\/caletasuitestenerife.com\\\/#website\"},\"primaryImageOfPage\":{\"@id\":\"https:\\\/\\\/caletasuitestenerife.com\\\/es\\\/que-hacer\\\/fiestas-en-adeje-y-tenerife-sur-tradicion-cerca-de-la-caleta\\\/#primaryimage\"},\"image\":{\"@id\":\"https:\\\/\\\/caletasuitestenerife.com\\\/es\\\/que-hacer\\\/fiestas-en-adeje-y-tenerife-sur-tradicion-cerca-de-la-caleta\\\/#primaryimage\"},\"thumbnailUrl\":\"https:\\\/\\\/caletasuitestenerife.com\\\/wp-content\\\/uploads\\\/2026\\\/08\\\/caleta-suites-tenerife-1.png\",\"datePublished\":\"2026-08-20T09:17:38+00:00\",\"dateModified\":\"2026-08-20T09:29:45+00:00\",\"author\":{\"@id\":\"https:\\\/\\\/caletasuitestenerife.com\\\/#\\\/schema\\\/person\\\/e66d994c2657d8c1a351ecef58018ca8\"},\"description\":\"Descubre fiestas en Adeje y Tenerife Sur entre agosto, septiembre y octubre, con tradici\u00f3n, romer\u00edas y cultura cerca de La Caleta.\",\"breadcrumb\":{\"@id\":\"https:\\\/\\\/caletasuitestenerife.com\\\/es\\\/que-hacer\\\/fiestas-en-adeje-y-tenerife-sur-tradicion-cerca-de-la-caleta\\\/#breadcrumb\"},\"inLanguage\":\"es\",\"potentialAction\":[{\"@type\":\"ReadAction\",\"target\":[\"https:\\\/\\\/caletasuitestenerife.com\\\/es\\\/que-hacer\\\/fiestas-en-adeje-y-tenerife-sur-tradicion-cerca-de-la-caleta\\\/\"]}]},{\"@type\":\"ImageObject\",\"inLanguage\":\"es\",\"@id\":\"https:\\\/\\\/caletasuitestenerife.com\\\/es\\\/que-hacer\\\/fiestas-en-adeje-y-tenerife-sur-tradicion-cerca-de-la-caleta\\\/#primaryimage\",\"url\":\"https:\\\/\\\/caletasuitestenerife.com\\\/wp-content\\\/uploads\\\/2026\\\/08\\\/caleta-suites-tenerife-1.png\",\"contentUrl\":\"https:\\\/\\\/caletasuitestenerife.com\\\/wp-content\\\/uploads\\\/2026\\\/08\\\/caleta-suites-tenerife-1.png\",\"width\":1200,\"height\":900},{\"@type\":\"BreadcrumbList\",\"@id\":\"https:\\\/\\\/caletasuitestenerife.com\\\/es\\\/que-hacer\\\/fiestas-en-adeje-y-tenerife-sur-tradicion-cerca-de-la-caleta\\\/#breadcrumb\",\"itemListElement\":[{\"@type\":\"ListItem\",\"position\":1,\"name\":\"Portada\",\"item\":\"https:\\\/\\\/caletasuitestenerife.com\\\/es\\\/\"},{\"@type\":\"ListItem\",\"position\":2,\"name\":\"Fiestas en Adeje y Tenerife Sur: tradici\u00f3n cerca de La Caleta\"}]},{\"@type\":\"WebSite\",\"@id\":\"https:\\\/\\\/caletasuitestenerife.com\\\/#website\",\"url\":\"https:\\\/\\\/caletasuitestenerife.com\\\/\",\"name\":\"Caleta Suites\",\"description\":\"Apartamentos de Lujo\",\"potentialAction\":[{\"@type\":\"SearchAction\",\"target\":{\"@type\":\"EntryPoint\",\"urlTemplate\":\"https:\\\/\\\/caletasuitestenerife.com\\\/?s={search_term_string}\"},\"query-input\":{\"@type\":\"PropertyValueSpecification\",\"valueRequired\":true,\"valueName\":\"search_term_string\"}}],\"inLanguage\":\"es\"},{\"@type\":\"Person\",\"@id\":\"https:\\\/\\\/caletasuitestenerife.com\\\/#\\\/schema\\\/person\\\/e66d994c2657d8c1a351ecef58018ca8\",\"name\":\"Paula Vera\",\"image\":{\"@type\":\"ImageObject\",\"inLanguage\":\"es\",\"@id\":\"https:\\\/\\\/secure.gravatar.com\\\/avatar\\\/3e84a6d9a8258a68ad5a7c56d8c256eaeed31f91e37dac0d3633c2a191c0d251?s=96&d=mm&r=g\",\"url\":\"https:\\\/\\\/secure.gravatar.com\\\/avatar\\\/3e84a6d9a8258a68ad5a7c56d8c256eaeed31f91e37dac0d3633c2a191c0d251?s=96&d=mm&r=g\",\"contentUrl\":\"https:\\\/\\\/secure.gravatar.com\\\/avatar\\\/3e84a6d9a8258a68ad5a7c56d8c256eaeed31f91e37dac0d3633c2a191c0d251?s=96&d=mm&r=g\",\"caption\":\"Paula Vera\"},\"url\":\"https:\\\/\\\/caletasuitestenerife.com\\\/es\\\/author\\\/paulavera\\\/\"}]}<\/script>\n<!-- \/ Yoast SEO plugin. -->","yoast_head_json":{"title":"Fiestas en Adeje y Tenerife Sur: tradici\u00f3n cerca de La Caleta - Caleta Suites","description":"Descubre fiestas en Adeje y Tenerife Sur entre agosto, septiembre y octubre, con tradici\u00f3n, romer\u00edas y cultura cerca de La Caleta.","robots":{"index":"index","follow":"follow","max-snippet":"max-snippet:-1","max-image-preview":"max-image-preview:large","max-video-preview":"max-video-preview:-1"},"canonical":"https:\/\/caletasuitestenerife.com\/es\/que-hacer\/fiestas-en-adeje-y-tenerife-sur-tradicion-cerca-de-la-caleta\/","og_locale":"es_ES","og_type":"article","og_title":"Fiestas en Adeje y Tenerife Sur: tradici\u00f3n cerca de La Caleta - Caleta Suites","og_description":"Descubre fiestas en Adeje y Tenerife Sur entre agosto, septiembre y octubre, con tradici\u00f3n, romer\u00edas y cultura cerca de La Caleta.","og_url":"https:\/\/caletasuitestenerife.com\/es\/que-hacer\/fiestas-en-adeje-y-tenerife-sur-tradicion-cerca-de-la-caleta\/","og_site_name":"Caleta Suites","article_published_time":"2026-08-20T09:17:38+00:00","article_modified_time":"2026-08-20T09:29:45+00:00","og_image":[{"width":1200,"height":900,"url":"https:\/\/caletasuitestenerife.com\/wp-content\/uploads\/2026\/08\/caleta-suites-tenerife-1.png","type":"image\/png"}],"author":"Paula Vera","twitter_card":"summary_large_image","twitter_misc":{"Escrito por":"Paula Vera","Tiempo de lectura":"4 minutos"},"schema":{"@context":"https:\/\/schema.org","@graph":[{"@type":"Article","@id":"https:\/\/caletasuitestenerife.com\/es\/que-hacer\/fiestas-en-adeje-y-tenerife-sur-tradicion-cerca-de-la-caleta\/#article","isPartOf":{"@id":"https:\/\/caletasuitestenerife.com\/es\/que-hacer\/fiestas-en-adeje-y-tenerife-sur-tradicion-cerca-de-la-caleta\/"},"author":{"name":"Paula Vera","@id":"https:\/\/caletasuitestenerife.com\/#\/schema\/person\/e66d994c2657d8c1a351ecef58018ca8"},"headline":"Fiestas en Adeje y Tenerife Sur: tradici\u00f3n cerca de La Caleta","datePublished":"2026-08-20T09:17:38+00:00","dateModified":"2026-08-20T09:29:45+00:00","mainEntityOfPage":{"@id":"https:\/\/caletasuitestenerife.com\/es\/que-hacer\/fiestas-en-adeje-y-tenerife-sur-tradicion-cerca-de-la-caleta\/"},"wordCount":765,"commentCount":0,"image":{"@id":"https:\/\/caletasuitestenerife.com\/es\/que-hacer\/fiestas-en-adeje-y-tenerife-sur-tradicion-cerca-de-la-caleta\/#primaryimage"},"thumbnailUrl":"https:\/\/caletasuitestenerife.com\/wp-content\/uploads\/2026\/08\/caleta-suites-tenerife-1.png","articleSection":["Qu\u00e9 hacer"],"inLanguage":"es","potentialAction":[{"@type":"CommentAction","name":"Comment","target":["https:\/\/caletasuitestenerife.com\/es\/que-hacer\/fiestas-en-adeje-y-tenerife-sur-tradicion-cerca-de-la-caleta\/#respond"]}]},{"@type":"WebPage","@id":"https:\/\/caletasuitestenerife.com\/es\/que-hacer\/fiestas-en-adeje-y-tenerife-sur-tradicion-cerca-de-la-caleta\/","url":"https:\/\/caletasuitestenerife.com\/es\/que-hacer\/fiestas-en-adeje-y-tenerife-sur-tradicion-cerca-de-la-caleta\/","name":"Fiestas en Adeje y Tenerife Sur: tradici\u00f3n cerca de La Caleta - Caleta Suites","isPartOf":{"@id":"https:\/\/caletasuitestenerife.com\/#website"},"primaryImageOfPage":{"@id":"https:\/\/caletasuitestenerife.com\/es\/que-hacer\/fiestas-en-adeje-y-tenerife-sur-tradicion-cerca-de-la-caleta\/#primaryimage"},"image":{"@id":"https:\/\/caletasuitestenerife.com\/es\/que-hacer\/fiestas-en-adeje-y-tenerife-sur-tradicion-cerca-de-la-caleta\/#primaryimage"},"thumbnailUrl":"https:\/\/caletasuitestenerife.com\/wp-content\/uploads\/2026\/08\/caleta-suites-tenerife-1.png","datePublished":"2026-08-20T09:17:38+00:00","dateModified":"2026-08-20T09:29:45+00:00","author":{"@id":"https:\/\/caletasuitestenerife.com\/#\/schema\/person\/e66d994c2657d8c1a351ecef58018ca8"},"description":"Descubre fiestas en Adeje y Tenerife Sur entre agosto, septiembre y octubre, con tradici\u00f3n, romer\u00edas y cultura cerca de La Caleta.","breadcrumb":{"@id":"https:\/\/caletasuitestenerife.com\/es\/que-hacer\/fiestas-en-adeje-y-tenerife-sur-tradicion-cerca-de-la-caleta\/#breadcrumb"},"inLanguage":"es","potentialAction":[{"@type":"ReadAction","target":["https:\/\/caletasuitestenerife.com\/es\/que-hacer\/fiestas-en-adeje-y-tenerife-sur-tradicion-cerca-de-la-caleta\/"]}]},{"@type":"ImageObject","inLanguage":"es","@id":"https:\/\/caletasuitestenerife.com\/es\/que-hacer\/fiestas-en-adeje-y-tenerife-sur-tradicion-cerca-de-la-caleta\/#primaryimage","url":"https:\/\/caletasuitestenerife.com\/wp-content\/uploads\/2026\/08\/caleta-suites-tenerife-1.png","contentUrl":"https:\/\/caletasuitestenerife.com\/wp-content\/uploads\/2026\/08\/caleta-suites-tenerife-1.png","width":1200,"height":900},{"@type":"BreadcrumbList","@id":"https:\/\/caletasuitestenerife.com\/es\/que-hacer\/fiestas-en-adeje-y-tenerife-sur-tradicion-cerca-de-la-caleta\/#breadcrumb","itemListElement":[{"@type":"ListItem","position":1,"name":"Portada","item":"https:\/\/caletasuitestenerife.com\/es\/"},{"@type":"ListItem","position":2,"name":"Fiestas en Adeje y Tenerife Sur: tradici\u00f3n cerca de La Caleta"}]},{"@type":"WebSite","@id":"https:\/\/caletasuitestenerife.com\/#website","url":"https:\/\/caletasuitestenerife.com\/","name":"Caleta Suites","description":"Apartamentos de Lujo","potentialAction":[{"@type":"SearchAction","target":{"@type":"EntryPoint","urlTemplate":"https:\/\/caletasuitestenerife.com\/?s={search_term_string}"},"query-input":{"@type":"PropertyValueSpecification","valueRequired":true,"valueName":"search_term_string"}}],"inLanguage":"es"},{"@type":"Person","@id":"https:\/\/caletasuitestenerife.com\/#\/schema\/person\/e66d994c2657d8c1a351ecef58018ca8","name":"Paula Vera","image":{"@type":"ImageObject","inLanguage":"es","@id":"https:\/\/secure.gravatar.com\/avatar\/3e84a6d9a8258a68ad5a7c56d8c256eaeed31f91e37dac0d3633c2a191c0d251?s=96&d=mm&r=g","url":"https:\/\/secure.gravatar.com\/avatar\/3e84a6d9a8258a68ad5a7c56d8c256eaeed31f91e37dac0d3633c2a191c0d251?s=96&d=mm&r=g","contentUrl":"https:\/\/secure.gravatar.com\/avatar\/3e84a6d9a8258a68ad5a7c56d8c256eaeed31f91e37dac0d3633c2a191c0d251?s=96&d=mm&r=g","caption":"Paula Vera"},"url":"https:\/\/caletasuitestenerife.com\/es\/author\/paulavera\/"}]}},"_links":{"self":[{"href":"https:\/\/caletasuitestenerife.com\/es\/wp-json\/wp\/v2\/posts\/6783","targetHints":{"allow":["GET"]}}],"collection":[{"href":"https:\/\/caletasuitestenerife.com\/es\/wp-json\/wp\/v2\/posts"}],"about":[{"href":"https:\/\/caletasuitestenerife.com\/es\/wp-json\/wp\/v2\/types\/post"}],"author":[{"embeddable":true,"href":"https:\/\/caletasuitestenerife.com\/es\/wp-json\/wp\/v2\/users\/6"}],"replies":[{"embeddable":true,"href":"https:\/\/caletasuitestenerife.com\/es\/wp-json\/wp\/v2\/comments?post=6783"}],"version-history":[{"count":1,"href":"https:\/\/caletasuitestenerife.com\/es\/wp-json\/wp\/v2\/posts\/6783\/revisions"}],"predecessor-version":[{"id":6784,"href":"https:\/\/caletasuitestenerife.com\/es\/wp-json\/wp\/v2\/posts\/6783\/revisions\/6784"}],"wp:featuredmedia":[{"embeddable":true,"href":"https:\/\/caletasuitestenerife.com\/es\/wp-json\/wp\/v2\/media\/6780"}],"wp:attachment":[{"href":"https:\/\/caletasuitestenerife.com\/es\/wp-json\/wp\/v2\/media?parent=6783"}],"wp:term":[{"taxonomy":"category","embeddable":true,"href":"https:\/\/caletasuitestenerife.com\/es\/wp-json\/wp\/v2\/categories?post=6783"},{"taxonomy":"post_tag","embeddable":true,"href":"https:\/\/caletasuitestenerife.com\/es\/wp-json\/wp\/v2\/tags?post=6783"}],"curies":[{"name":"wp","href":"https:\/\/api.w.org\/{rel}","templated":true}]}}